{"id":5896,"date":"2023-12-12T14:51:45","date_gmt":"2023-12-12T12:51:45","guid":{"rendered":"https:\/\/rcppm.org\/blog\/?p=5896"},"modified":"2023-12-13T23:15:38","modified_gmt":"2023-12-13T21:15:38","slug":"presentation-douvrage-p-bonfadini-frammenti-di-vite-dipinte-nuovi-studi-sui-soffitti-lignei-a-brescia-e-nel-territorio-secoli-xv-xvi-brescia-14-decembre-2023","status":"publish","type":"post","link":"https:\/\/rcppm.org\/blog\/2023\/12\/presentation-douvrage-p-bonfadini-frammenti-di-vite-dipinte-nuovi-studi-sui-soffitti-lignei-a-brescia-e-nel-territorio-secoli-xv-xvi-brescia-14-decembre-2023\/","title":{"rendered":"Pr\u00e9sentation d&rsquo;ouvrage : P. Bonfadini, Frammenti di vite dipinte. Nuovi studi sui soffitti lignei a Brescia e nel territorio (secoli XV-XVI), Brescia, 14 d\u00e9cembre 2023"},"content":{"rendered":"\n<div class=\"wp-block-media-text alignwide is-stacked-on-mobile\" style=\"grid-template-columns:29% auto\"><figure class=\"wp-block-media-text__media\"><img loading=\"lazy\" decoding=\"async\" width=\"724\" height=\"1024\" src=\"https:\/\/rcppm.org\/blog\/wp-content\/uploads\/2023\/12\/Locandina_Presentazione_Libro_Bonfadini-724x1024.jpeg\" alt=\"\" class=\"wp-image-5903 size-full\" srcset=\"https:\/\/rcppm.org\/blog\/wp-content\/uploads\/2023\/12\/Locandina_Presentazione_Libro_Bonfadini-724x1024.jpeg 724w, https:\/\/rcppm.org\/blog\/wp-content\/uploads\/2023\/12\/Locandina_Presentazione_Libro_Bonfadini-212x300.jpeg 212w, https:\/\/rcppm.org\/blog\/wp-content\/uploads\/2023\/12\/Locandina_Presentazione_Libro_Bonfadini-768x1086.jpeg 768w, https:\/\/rcppm.org\/blog\/wp-content\/uploads\/2023\/12\/Locandina_Presentazione_Libro_Bonfadini.jpeg 1080w\" sizes=\"auto, (max-width: 724px) 100vw, 724px\" \/><\/figure><div class=\"wp-block-media-text__content\">\n<p>La RCPPM est heureuse d&rsquo;annoncer la publication du nouveau livre de Paola Bonfadini, <em>Frammenti di vite dipinte. Nuovi studi sui soffitti lignei a Brescia e nel territorio (secoli XV-XVI)<\/em> (Com&amp;Print, Brescia 2023).<\/p>\n\n\n\n<p>La publication s&rsquo;inscrit \u00e0 la suite de son pr\u00e9c\u00e9dent ouvrage,&nbsp;<a href=\"https:\/\/rcppm.org\/blog\/2020\/05\/publication-paola-bonfadini-colori-di-legno-soffitti-con-tavolette-dipinte-a-brescia-e-nel-territorio-secoli-xv-xvi\/\"><em>Colori di legno. Soffitti con tavolette dipinte a Brescia e nel territorio (secoli XV-XVI).<\/em><\/a> Ce nouvel opus vient compl\u00e9ter et enrichir notre connaissance des charpentes peintes de Brescia et de sa r\u00e9gion.<\/p>\n<\/div><\/div>\n\n\n<p><span style=\"text-decoration: underline;\">Le livre :\u00a0<\/span><\/p>\n<p class=\"Textbody\" style=\"margin-bottom: 0cm; text-align: justify; text-justify: inter-ideograph;\"><span lang=\"IT\">Cet ouvrage rassemble les \u00e9tudes les plus r\u00e9centes (2018-2023) de la chercheuse sur les plafonds peints \u00e0 closoirs \u00e0 Brescia et dans sa province \u00e0 l\u2019\u00e9poque de la Renaissance italienne (XVe-XVIe si\u00e8cles). Les plafonds peints \u00e0 closoirs de Brescia ornent les palais, les demeures bourgeoises et les couvents dans les portiques, les galeries et les \u00ab<em>caminade<\/em>\u00bb (les salles o\u00f9 il y avait la chemin\u00e9e). Le livre comprend une s\u00e9lection des plafonds aux closoirs, in\u00e9dits ou peu \u00e9tudi\u00e9s, qui appartiennent \u00e0 la <em>Diocesi<\/em> de Brescia, aux mus\u00e9es locaux et aux propri\u00e9taires\u00a0priv\u00e9s. L&rsquo;auteur nous guide dans une sorte de fascinant \u00ab\u00a0Petit Tour\u00a0\u00bb artistique des plafonds en bois \u00e0 Brescia et dans son territoire, en donnant aussi des informations historiques sur les b\u00e2timents, sur la structure technique des plafonds, sur les sources iconographiques et h\u00e9raldiques des closoirs.\u00a0<\/span><\/p>\n<p class=\"Textbody\" style=\"margin-bottom: 0cm; text-align: justify; text-justify: inter-ideograph;\"><span lang=\"IT\">Les plafonds peints \u00e0 closoirs de Brescia ont des caract\u00e9ristiques curieuses et int\u00e9ressantes : premi\u00e8rement, la quantit\u00e9 comme la qualit\u00e9 technique et esth\u00e9tique de cette production encore \u00ab\u00a0in loco\u00a0\u00bb et bien conserv\u00e9e. Deuxi\u00e8mement, l&rsquo;iconographie est tr\u00e8s riche : on peut admirer des saints, des \u00ab\u00a0hommes arm\u00e9s\u00a0\u00bb, des portraits de dames et de gentilshommes. De plus, les armoiries, les \u00ab<em>titula<\/em>\u00bb, c\u2019est-\u00e0-dire des proverbes ou des devises en latin ou en vulgaire italien, \u00e9crits sur les closoirs, sont un t\u00e9moignage de la culture des commanditaires. On peut mentionner, en particulier, des personnages et des sc\u00e8nes inspir\u00e9es des textes classiques ou de la litt\u00e9rature chevaleresque de la Renaissance.\u00a0<\/span><\/p>\n<p class=\"Textbody\" style=\"margin-bottom: 0cm; text-align: justify; text-justify: inter-ideograph;\"><span lang=\"IT\">Pour conclure, ce patrimoine en bois, cette \u00ab\u00a0pittura lignea d&rsquo;arredo\u00a0\u00bb nous aide \u00e0 mieux conna\u00eetre le contexte culturel et \u00e9conomique\u00a0des \u00e9lites de Brescia et de son territoire sous la domination\u00a0de Venise entre XVe XVIe si\u00e8cle.<\/span><\/p>\n<p>\u00a0<\/p>\n<p><span style=\"text-decoration: underline;\">La pr\u00e9sentation :\u00a0<\/span><\/p>\n<p>Paola Bonfadini pr\u00e9sentera son ouvrage au mus\u00e9e dioc\u00e9sain de Brescia jeudi 14 d\u00e9cembre prochain. Interviendront \u00e9galement Mauro Salvatore, directeur du mus\u00e9e dioc\u00e9sain, ainsi que Giuseppe Mensi, directeur de l&rsquo;<em>Ufficio dei Beni Culturali Ecclesiastici della Diocesi di Brescia<\/em>.\u00a0<\/p>\n<p><strong><u>Informations :<\/u><\/strong><\/p>\n<p>Jeudi 14 d\u00e9cembre \u00e0 18h<br \/>Museo Diocesano<br \/>via Gaspara da Salo 13, Brescia<br \/><a href=\"https:\/\/rcppm.org\/blog\/wp-content\/uploads\/2023\/12\/Invito_Presentazione_Libro_Bonfadini.jpeg\">T\u00e9l\u00e9charger l&rsquo;invitation<\/a><br \/><a href=\"https:\/\/liceogambara.edu.it\/evento\/presentazione-del-libro-frammenti-di-vite-dipinte-nuovi-studi-sui-soffitti-lignei-a-brescia-e-nel-territorio-secoli-xv-xvi\/\">Lien vers le site du mus\u00e9e<\/a><\/p>\n<p><span style=\"text-decoration: underline;\">Livre :<\/span><br \/>Autrice: Paola Bonfadini<br \/>Titre :<em> Frammenti di vite dipinte Nuovi studi sui soffitti lignei a Brescia e nel territorio (secoli XV-XVI)<br \/><\/em>Maison d&rsquo;\u00e9dition : Com&amp;Print, Brescia 2023<br \/>ISBN 9788885756663<br \/>Pagine : pp. 1-240<br \/>Prix : 35\u20ac<\/p>\n<p>Pour commander l&rsquo;ouvrage, \u00e9crire \u00e0 l&rsquo;\u00e9diteur \u201cCom &amp; Print Comunicazione e stampa\u201d de Brescia: info@com-print.it\u00a0<br \/>Avec virement bancaire sur le compte de l\u2019\u00e9diteur \u201cCom &amp; Print Comunicazione e stampa\u201d:<br \/>IBAN : IT-83-D-0306954040-000007000128\u00a0 <br \/>BIC : BCITITMM (hors Italie)<\/p>\n<p class=\"Textbody\" style=\"margin-bottom: 0cm; line-height: normal;\"><span lang=\"IT\">Vous pouvez \u00e9galement retrouver les autres publications de Paola Bonfadini sur notre <a href=\"https:\/\/rcppm.org\/blog\/pro-et-chercheurs\/bibliographie\/\">bibliographie<\/a> en ligne.<\/span><\/p>","protected":false},"excerpt":{"rendered":"<p>La RCPPM est heureuse d&rsquo;annoncer la publication du nouveau livre de Paola Bonfadini, Frammenti di vite dipinte. Nuovi studi sui soffitti lignei a Brescia e&#46;&#46;&#46;<\/p>\n","protected":false},"author":9,"featured_media":5913,"comment_status":"closed","ping_status":"closed","sticky":false,"template":"","format":"standard","meta":{"footnotes":"","_links_to":"","_links_to_target":""},"categories":[34,67],"tags":[],"class_list":["post-5896","post","type-post","status-publish","format-standard","has-post-thumbnail","hentry","category-evenements","category-publications"],"_links":{"self":[{"href":"https:\/\/rcppm.org\/blog\/wp-json\/wp\/v2\/posts\/5896","targetHints":{"allow":["GET"]}}],"collection":[{"href":"https:\/\/rcppm.org\/blog\/wp-json\/wp\/v2\/posts"}],"about":[{"href":"https:\/\/rcppm.org\/blog\/wp-json\/wp\/v2\/types\/post"}],"author":[{"embeddable":true,"href":"https:\/\/rcppm.org\/blog\/wp-json\/wp\/v2\/users\/9"}],"replies":[{"embeddable":true,"href":"https:\/\/rcppm.org\/blog\/wp-json\/wp\/v2\/comments?post=5896"}],"version-history":[{"count":24,"href":"https:\/\/rcppm.org\/blog\/wp-json\/wp\/v2\/posts\/5896\/revisions"}],"predecessor-version":[{"id":5927,"href":"https:\/\/rcppm.org\/blog\/wp-json\/wp\/v2\/posts\/5896\/revisions\/5927"}],"wp:featuredmedia":[{"embeddable":true,"href":"https:\/\/rcppm.org\/blog\/wp-json\/wp\/v2\/media\/5913"}],"wp:attachment":[{"href":"https:\/\/rcppm.org\/blog\/wp-json\/wp\/v2\/media?parent=5896"}],"wp:term":[{"taxonomy":"category","embeddable":true,"href":"https:\/\/rcppm.org\/blog\/wp-json\/wp\/v2\/categories?post=5896"},{"taxonomy":"post_tag","embeddable":true,"href":"https:\/\/rcppm.org\/blog\/wp-json\/wp\/v2\/tags?post=5896"}],"curies":[{"name":"wp","href":"https:\/\/api.w.org\/{rel}","templated":true}]}}