{"id":583,"date":"2011-02-18T10:21:02","date_gmt":"2011-02-18T08:21:02","guid":{"rendered":"http:\/\/rcppm.org\/blog\/?p=583"},"modified":"2019-07-02T11:45:21","modified_gmt":"2019-07-02T09:45:21","slug":"montagnac-hotel-de-brignac","status":"publish","type":"post","link":"https:\/\/rcppm.org\/blog\/2011\/02\/montagnac-hotel-de-brignac\/","title":{"rendered":"Montagnac : h\u00f4tel de Brignac"},"content":{"rendered":"<p style=\"text-align: justify;\"><a href=\"https:\/\/rcppm.org\/blog\/wp-content\/uploads\/2011\/02\/Brignac_salle_poutre2_faceA_09-copie-2.jpg\"><img loading=\"lazy\" decoding=\"async\" class=\"alignleft wp-image-1886 size-medium\" src=\"https:\/\/rcppm.org\/blog\/wp-content\/uploads\/2011\/02\/Brignac_salle_poutre2_faceA_09-copie-2-300x129.jpg\" alt=\"Brignac_salle_poutre2_faceA_09 - copie 2\" width=\"300\" height=\"129\" srcset=\"https:\/\/rcppm.org\/blog\/wp-content\/uploads\/2011\/02\/Brignac_salle_poutre2_faceA_09-copie-2-300x129.jpg 300w, https:\/\/rcppm.org\/blog\/wp-content\/uploads\/2011\/02\/Brignac_salle_poutre2_faceA_09-copie-2-768x330.jpg 768w, https:\/\/rcppm.org\/blog\/wp-content\/uploads\/2011\/02\/Brignac_salle_poutre2_faceA_09-copie-2.jpg 1024w, https:\/\/rcppm.org\/blog\/wp-content\/uploads\/2011\/02\/Brignac_salle_poutre2_faceA_09-copie-2-500x215.jpg 500w\" sizes=\"auto, (max-width: 300px) 100vw, 300px\" \/><\/a>\u00ab La chasse, comme on le sait, c\u2019est l\u2019image de la guerre \u00bb Cette citation \u00e9claire toute la lecture du plafond de l&rsquo;h\u00f4tel de Brignac. N\u00e9gliger cet aspect c\u2019est commettre une faute qui d\u00e9bouche sur le d\u00e9ni du message consign\u00e9 sur ces poutres centenaires.<\/p>\n<div class=\"page\" title=\"Page 39\">\n<div class=\"layoutArea\">\n<div class=\"column\">\n<p>Classement au titre des Monuments historiques le 2\/02\/1988<\/p>\n<\/div>\n<\/div>\n<\/div>\n<p style=\"text-align: justify;\"><!--more--><\/p>\n<p style=\"text-align: justify;\"><strong>Adresse et possibilit\u00e9 de visite :<\/strong><\/p>\n<p style=\"text-align: justify;\">L&rsquo;h\u00f4tel de Brignac est une propri\u00e9t\u00e9 priv\u00e9e et habit\u00e9e.<br \/>\nLes nouveaux propri\u00e9taires pr\u00e9voient d&rsquo;ouvrir ponctuellement au public, afin de faire d\u00e9couvrir leur plafond. Nous vous tiendrons inform\u00e9s de ces possibilit\u00e9s.<\/p>\n<p style=\"text-align: justify;\"><strong>Contexte<\/strong><\/p>\n<p style=\"text-align: justify;\">Le plafond peint de l\u2019h\u00f4tel de Brignac se situe dans la cit\u00e9 m\u00e9di\u00e9vale de Montagnac. Proche de P\u00e9zenas, cette ville de l\u2019ancien dioc\u00e8se d\u2019Agde a su d\u00e9velopper tout au long du Moyen Age un commerce fructueux autour de ses foires. B\u00e9n\u00e9ficiant d\u2019un privil\u00e8ge royal et d\u2019un pont jet\u00e9 sur le fleuve H\u00e9rault, cette cit\u00e9 languedocienne a attir\u00e9 \u00e0 elle marchands \u00e9trangers et fabricants locaux, notamment des drapiers. Ce monopole \u00e9conomique a fait la fortune de cette place et de ses habitants, ce qui s\u2019est traduit dans le d\u00e9veloppement urbain par des demeures aristocratiques, objet de cette \u00e9tude.<\/p>\n<p style=\"text-align: justify;\"><a href=\"https:\/\/rcppm.org\/blog\/wp-content\/uploads\/2011\/02\/Brignac_salle_poutre1_faceA_06-copie.jpg\"><img loading=\"lazy\" decoding=\"async\" class=\"alignleft wp-image-1887 size-medium\" src=\"https:\/\/rcppm.org\/blog\/wp-content\/uploads\/2011\/02\/Brignac_salle_poutre1_faceA_06-copie-300x198.jpg\" alt=\"Brignac_salle_poutre1_faceA_06 - copie\" width=\"300\" height=\"198\" srcset=\"https:\/\/rcppm.org\/blog\/wp-content\/uploads\/2011\/02\/Brignac_salle_poutre1_faceA_06-copie-300x198.jpg 300w, https:\/\/rcppm.org\/blog\/wp-content\/uploads\/2011\/02\/Brignac_salle_poutre1_faceA_06-copie-768x508.jpg 768w, https:\/\/rcppm.org\/blog\/wp-content\/uploads\/2011\/02\/Brignac_salle_poutre1_faceA_06-copie.jpg 1024w, https:\/\/rcppm.org\/blog\/wp-content\/uploads\/2011\/02\/Brignac_salle_poutre1_faceA_06-copie-454x300.jpg 454w\" sizes=\"auto, (max-width: 300px) 100vw, 300px\" \/><\/a>L\u2019h\u00f4tel de Brignac se niche entre d\u2019antiques murailles urbaines. Son porche d\u2019entr\u00e9e, ainsi que ses fen\u00eatres \u00e0 meneaux s\u2019ouvrent sur l\u2019actuelle rue de Lafayette, o\u00f9 se retrouvent de nombreuses demeures patriciennes. Cette demeure du XV<sup>e<\/sup> si\u00e8cle rappelle la puissance des foires montagnacoises, dont Jacques C\u0153ur est tr\u00e8s proche. Constitu\u00e9e de deux \u00e9tages, dont le dernier tronqu\u00e9 par l\u2019abaissement de la toiture, elle comprend un escalier \u00e0 vis ext\u00e9rieur qui s\u2019ouvre sur une superposition de galeries ouvertes sur cour, plut\u00f4t uniques dans l\u2019architecture vernaculaire de cette \u00e9poque. A l\u2019\u00e9tage noble, deux plafonds peints gothiques narrent l\u2019histoire de ses premiers propri\u00e9taires. Livr\u00e9 aux intemp\u00e9ries, celui de la galerie est malheureusement tr\u00e8s ab\u00eem\u00e9. Pour notre plus grand bonheur, celui de la pi\u00e8ce d\u2019apparat est magnifiquement conserv\u00e9, et restaur\u00e9 depuis la fin 2010.<\/p>\n<p style=\"text-align: justify;\"><strong>Description<\/strong><\/p>\n<p style=\"text-align: justify;\">Cet admirable plafond rural s\u2019orne d\u2019un d\u00e9cor de chasse, d\u2019animaux fantastiques, de sc\u00e8nes courtoises et d\u2019un ensemble h\u00e9raldique d\u2019une exceptionnelle richesse. Plus d\u2019une cinquantaine de blasons tr\u00f4nent sur les poutres, respectant un protocole bien \u00e9tabli. Le roi et surtout le dauphin occupent la place d\u2019honneur sur l\u2019ancien manteau d\u2019une chemin\u00e9e disparue de nos jours. De chaque c\u00f4t\u00e9, les armoiries des grands personnages livrent une page de politique internationale en ce milieu du XV<sup>e<\/sup> si\u00e8cle. A ce stade, ce plafond manifeste un engagement \u00e9vident de la part de son pr\u00e9sum\u00e9 commanditaire, Paul de Brignac, en faveur du futur Louis IX et une critique voil\u00e9e du roi, Charles VII. Les grands du royaume, comme les Armagnac, les L\u00e9vis ou encore le duc de Bretagne, mais aussi les princes de l\u2019Eglise, Eug\u00e8ne IV, Guillaume de Montjoie ou Guilhem de Cenaret sont repr\u00e9sent\u00e9s au travers de leurs armoiries respectives. Enfin, les closoirs offrent tout un \u00e9chantillon de blasons de seigneurs locaux, qui forment un puissant r\u00e9seau d\u2019alliance et de fid\u00e9lit\u00e9, n\u00e9cessaire en cette fin de la guerre de Cent Ans.<\/p>\n<p style=\"text-align: justify;\"><a href=\"https:\/\/rcppm.org\/blog\/wp-content\/uploads\/2011\/02\/Brignac_salle_poutre3_faceA_13-copie-2.jpg\"><img loading=\"lazy\" decoding=\"async\" class=\"aligncenter size-large wp-image-1888\" src=\"https:\/\/rcppm.org\/blog\/wp-content\/uploads\/2011\/02\/Brignac_salle_poutre3_faceA_13-copie-2-1024x390.jpg\" alt=\"Brignac_salle_poutre3_faceA_13 - copie 2\" width=\"584\" height=\"222\" srcset=\"https:\/\/rcppm.org\/blog\/wp-content\/uploads\/2011\/02\/Brignac_salle_poutre3_faceA_13-copie-2-1024x390.jpg 1024w, https:\/\/rcppm.org\/blog\/wp-content\/uploads\/2011\/02\/Brignac_salle_poutre3_faceA_13-copie-2-768x293.jpg 768w, https:\/\/rcppm.org\/blog\/wp-content\/uploads\/2011\/02\/Brignac_salle_poutre3_faceA_13-copie-2-1320x500.jpg 1320w, https:\/\/rcppm.org\/blog\/wp-content\/uploads\/2011\/02\/Brignac_salle_poutre3_faceA_13-copie-2-300x114.jpg 300w, https:\/\/rcppm.org\/blog\/wp-content\/uploads\/2011\/02\/Brignac_salle_poutre3_faceA_13-copie-2-500x191.jpg 500w\" sizes=\"auto, (max-width: 584px) 100vw, 584px\" \/><\/a>Le d\u00e9cor cyn\u00e9g\u00e9tique et le discours politique qui se refl\u00e8tent sur ce plafond, notamment dans l\u2019h\u00e9raldique, ont pour unique objet de magnifier la famille de Brignac. Rappelons que le droit de chasse, r\u00e9serv\u00e9 uniquement \u00e0 la noblesse, n\u2019est pas encore reconnu en terres languedociennes. Ainsi, tout en individualisant le commanditaire dans sa lign\u00e9e, la chasse est le pr\u00e9lude et l&rsquo;image de la guerre dont elle pratique les ruses et les stratag\u00e8mes, elle endurcit le corps au travail, et l&rsquo;accoutume au danger. Cette d\u00e9monstration poursuit le double but d\u2019impressionner l\u2019assistance et de d\u00e9montrer \u00e0 perp\u00e9tuit\u00e9 la noblesse des h\u00f4tes, de leur ascendance et de leur descendance.<\/p>\n<p style=\"text-align: right;\">Philippe Hupp\u00e9<br \/>\nf\u00e9vrier 2011<\/p>\n<p style=\"text-align: justify;\"><strong>Class\u00e9 au titre des Monuments Historiques en 1988 (aller sur la <a href=\"http:\/\/www.culture.gouv.fr\/culture\/inventai\/patrimoine\/\" target=\"_blank\" rel=\"noopener noreferrer\">base M\u00e9rim\u00e9e<\/a>)<\/strong><\/p>\n<p><iframe loading=\"lazy\" src=\"\/\/www.youtube.com\/embed\/boESZqytHG0\" width=\"560\" height=\"315\" frameborder=\"0\" allowfullscreen=\"allowfullscreen\"><\/iframe><\/p>\n<p style=\"text-align: justify;\"><strong>Bibliographie<\/strong><\/p>\n<p style=\"text-align: justify;\">-VERDIER (Th.), <em>Architecture \u00e0 Montagnac sous l\u2019Ancien R\u00e9gime<\/em>, Editions de l\u2019Esperou, 1997.<\/p>\n<p style=\"text-align: justify;\">-DITTMAR (P-O) et SCHMITT (J-C)<em>, Le plafond peint est-il un espace marginal&nbsp;? L\u2019exemple de Capestang<\/em>, in Plafonds peints m\u00e9di\u00e9vaux en Languedoc, Colloque de Capestang, Narbonne, Lagrasse (2008), pp. 67-98.<\/p>\n<p style=\"text-align: justify;\">-HUPP\u00c9 (Ph.), <em>L\u2019exemple d\u2019une propagande politique&nbsp;: les blasons exceptionnels de l\u2019H\u00f4tel de Brignac<\/em>, in Les Amis de Montagnac, 2011. (A para\u00eetre prochainement)<\/p>\n<p style=\"text-align: justify;\">-HUPP\u00c9 (Ph.),<em> Les seigneurs de Clermont-Lod\u00e8ve. Du palais carolingien \u00e0 la cour napolitaine, (IX<\/em><sup><em>e<\/em><\/sup><em>-XV<\/em><sup><em>e<\/em><\/sup><em> si\u00e8cles)<\/em>, T. 1 et 2, Editions les Presses Litt\u00e9raires.<\/p>\n","protected":false},"excerpt":{"rendered":"<p>\u00ab La chasse, comme on le sait, c\u2019est l\u2019image de la guerre \u00bb Cette citation \u00e9claire toute la lecture du plafond de l&rsquo;h\u00f4tel de Brignac.&#46;&#46;&#46;<\/p>\n","protected":false},"author":1,"featured_media":1886,"comment_status":"open","ping_status":"open","sticky":false,"template":"","format":"standard","meta":{"footnotes":"","_links_to":"","_links_to_target":""},"categories":[22],"tags":[],"class_list":["post-583","post","type-post","status-publish","format-standard","has-post-thumbnail","hentry","category-languedoc"],"_links":{"self":[{"href":"https:\/\/rcppm.org\/blog\/wp-json\/wp\/v2\/posts\/583","targetHints":{"allow":["GET"]}}],"collection":[{"href":"https:\/\/rcppm.org\/blog\/wp-json\/wp\/v2\/posts"}],"about":[{"href":"https:\/\/rcppm.org\/blog\/wp-json\/wp\/v2\/types\/post"}],"author":[{"embeddable":true,"href":"https:\/\/rcppm.org\/blog\/wp-json\/wp\/v2\/users\/1"}],"replies":[{"embeddable":true,"href":"https:\/\/rcppm.org\/blog\/wp-json\/wp\/v2\/comments?post=583"}],"version-history":[{"count":13,"href":"https:\/\/rcppm.org\/blog\/wp-json\/wp\/v2\/posts\/583\/revisions"}],"predecessor-version":[{"id":3634,"href":"https:\/\/rcppm.org\/blog\/wp-json\/wp\/v2\/posts\/583\/revisions\/3634"}],"wp:featuredmedia":[{"embeddable":true,"href":"https:\/\/rcppm.org\/blog\/wp-json\/wp\/v2\/media\/1886"}],"wp:attachment":[{"href":"https:\/\/rcppm.org\/blog\/wp-json\/wp\/v2\/media?parent=583"}],"wp:term":[{"taxonomy":"category","embeddable":true,"href":"https:\/\/rcppm.org\/blog\/wp-json\/wp\/v2\/categories?post=583"},{"taxonomy":"post_tag","embeddable":true,"href":"https:\/\/rcppm.org\/blog\/wp-json\/wp\/v2\/tags?post=583"}],"curies":[{"name":"wp","href":"https:\/\/api.w.org\/{rel}","templated":true}]}}