{"id":5821,"date":"2023-09-06T21:35:29","date_gmt":"2023-09-06T19:35:29","guid":{"rendered":"https:\/\/rcppm.org\/blog\/?p=5821"},"modified":"2023-09-23T21:33:15","modified_gmt":"2023-09-23T19:33:15","slug":"annonce-limpronta-ritrovata-delle-cose-vie-quotidienne-et-culture-materielle-a-udine-a-la-fin-du-moyen-age-la-reconstruction-de-limmateriel-des-traces-qui-ont-survecu-a-la-restitution","status":"publish","type":"post","link":"https:\/\/rcppm.org\/blog\/2023\/09\/annonce-limpronta-ritrovata-delle-cose-vie-quotidienne-et-culture-materielle-a-udine-a-la-fin-du-moyen-age-la-reconstruction-de-limmateriel-des-traces-qui-ont-survecu-a-la-restitution\/","title":{"rendered":"Annonce : L\u2019impronta ritrovata delle cose : vie quotidienne et culture mat\u00e9rielle \u00e0 Udine \u00e0 la fin du Moyen \u00c2ge. La reconstruction de l&rsquo;immat\u00e9riel des traces qui ont surv\u00e9cu \u00e0 la restitution par Advanced 3D"},"content":{"rendered":"\n<p>Maurizio d&rsquo;Arcano Grattoni et Francesco Fratta de Tomas nous font part de la mise en ligne d&rsquo;un tr\u00e8s beau travail de restitution en 3D d&rsquo;un h\u00f4tel exceptionnel, qui fut d\u00e9cor\u00e9 notamment de plafonds peints, \u00e0 Udine (Frioul)<\/p>\n\n\n\n<figure class=\"wp-block-image size-large is-style-default\"><img loading=\"lazy\" decoding=\"async\" width=\"1024\" height=\"576\" src=\"https:\/\/rcppm.org\/blog\/wp-content\/uploads\/2023\/09\/Camera-cubicularis-Udine-Maison-de-Filippo-Vanni-degli-Onesti-1024x576.jpg\" alt=\"\" class=\"wp-image-5822\" srcset=\"https:\/\/rcppm.org\/blog\/wp-content\/uploads\/2023\/09\/Camera-cubicularis-Udine-Maison-de-Filippo-Vanni-degli-Onesti-1024x576.jpg 1024w, https:\/\/rcppm.org\/blog\/wp-content\/uploads\/2023\/09\/Camera-cubicularis-Udine-Maison-de-Filippo-Vanni-degli-Onesti-300x169.jpg 300w, https:\/\/rcppm.org\/blog\/wp-content\/uploads\/2023\/09\/Camera-cubicularis-Udine-Maison-de-Filippo-Vanni-degli-Onesti-768x432.jpg 768w, https:\/\/rcppm.org\/blog\/wp-content\/uploads\/2023\/09\/Camera-cubicularis-Udine-Maison-de-Filippo-Vanni-degli-Onesti.jpg 1280w\" sizes=\"auto, (max-width: 1024px) 100vw, 1024px\" \/><\/figure>\n\n\n\n<p>L&rsquo;objectif du projet L&rsquo;impronta ritrovata delle cose est de cr\u00e9er des archives informatiques destin\u00e9es \u00e0 aider \u00e0 la connaisssance des int\u00e9rieurs domestiques m\u00e9di\u00e9vaux. Il s&rsquo;agit de constituer un outil qui prenne en compte tous les aspects de l&rsquo;habitation \u2013 de la structure architecturale aux environnements int\u00e9rieurs, des objets aux accessoires \u2013 structur\u00e9 en plusieurs niveaux interconnect\u00e9s (des typologies aux sp\u00e9cimens originaux, des espaces aux objets qu&rsquo;ils contiennent) et qui soit bas\u00e9 sur des preuves tant documentaires (notamment les inventaria bonorum) qu&rsquo;iconographiques.<\/p>\n\n\n\n<p><br>Cet outil destin\u00e9 \u00e0 la recherche et \u00e0 la didactique peut \u00eatre mis en relation avec des restitutions virtuelles d&rsquo;espaces r\u00e9sidentiels m\u00e9di\u00e9vaux. \u00c0 cet effet, a \u00e9t\u00e9 cr\u00e9\u00e9 un prototype qui reconstruit les premier et deuxi\u00e8me \u00e9tages de la maison de Filippo<br>Vanni degli Onesti, \u00e0 Udine, dans la via Mercato Vecchio, tels qu&rsquo;ils apparaissaient en 1437. Ce prototype constitue un mod\u00e8le de restitution virtuelle d&rsquo;int\u00e9rieurs m\u00e9di\u00e9vaux adaptable \u00e0 diff\u00e9rents contextes.<\/p>\n\n\n\n<p><br>Cette demeure a \u00e9t\u00e9 choisie parce que- circonstance rare et heureuse &#8211; nous disposons \u00e0 la fois de l&rsquo; inventaire du patrimoine de Filippo Vanni degli Onesti (inventarium bonorum) fait entre le 4 et le 17 d\u00e9cembre 1437 par le notaire d&rsquo;Udine Matteo Clapiceo, du<br>b\u00e2timent d&rsquo;origine &#8211; bien qu&rsquo;aujourd&rsquo;hui l&rsquo;organisation des espaces int\u00e9rieurs fasse d\u00e9faut \u2013 et d&rsquo;une partie de l&rsquo;appareil d\u00e9coratif, constitu\u00e9 des plafonds en bois peints (du type avec closoirs, linteaux couvre-joints et corniches) et de quelques fragments d&rsquo;un<br>bandeau d\u00e9cor\u00e9 de fresques qui courait le long du registre sup\u00e9rieur des murs. Apr\u00e8s un premier mod\u00e8le en Advanced 3D des premier et deuxi\u00e8me \u00e9tages du b\u00e2timent dans leur \u00e9tat actuel, a \u00e9t\u00e9 r\u00e9alis\u00e9 un mod\u00e8le virtuel comportant la d\u00e9finition des espaces r\u00e9sidentiels tels qu&rsquo;ils apparaissaient dans la quatri\u00e8me d\u00e9cennie du XV e si\u00e8cle, ce qui exclut donc le magasin du rez-de-chauss\u00e9e, la cour et la \u00ab\u00a0canipa\u00a0\u00bb (cave \u00e0 vin). Pour ce faire, les diff\u00e9rentes sources documentaires disponibles (de l&rsquo;inventaire du patrimoine in primis, et d&rsquo;un testament un peu ant\u00e9rieur jusqu&rsquo;\u00e0 la documentation du d\u00e9but du XIX e si\u00e8cle) ont \u00e9t\u00e9 collationn\u00e9es et compar\u00e9es \u00e0 des sp\u00e9cimens originaux et \u00e0 l&rsquo;iconographie contemporaine. L&rsquo;examen de l&rsquo;inventaire de l&rsquo;habitation (d&rsquo;o\u00f9 \u00e9merge \u00e9galement le parcours suivi par le notaire), l&rsquo;analyse des b\u00e2timents existants et la comparaison avec d&rsquo;autres inventaires et r\u00e9alit\u00e9s conserv\u00e9s dans la r\u00e9gion ont permis de restaurer non seulement l&rsquo;ancienne organisation spatiale int\u00e9rieure\u2013 reconstitution virtuelle des cloisons, dont la position exacte a pu \u00eatre identifi\u00e9e gr\u00e2ce aux traces encore visibles tant sur la charpente des plafonds que dans le plancher en bois \u2013 mais aussi la typologie et la disposition originale du mobilier et des accessoires.<\/p>\n\n\n\n<figure class=\"wp-block-image size-large is-style-default\"><img loading=\"lazy\" decoding=\"async\" width=\"1024\" height=\"598\" src=\"https:\/\/rcppm.org\/blog\/wp-content\/uploads\/2023\/09\/Camera...-Etages-I-et-II-Udine-Maison-de-Filippo-Vanni-degli-Onesti-1024x598.jpg\" alt=\"\" class=\"wp-image-5823\" srcset=\"https:\/\/rcppm.org\/blog\/wp-content\/uploads\/2023\/09\/Camera...-Etages-I-et-II-Udine-Maison-de-Filippo-Vanni-degli-Onesti-1024x598.jpg 1024w, https:\/\/rcppm.org\/blog\/wp-content\/uploads\/2023\/09\/Camera...-Etages-I-et-II-Udine-Maison-de-Filippo-Vanni-degli-Onesti-300x175.jpg 300w, https:\/\/rcppm.org\/blog\/wp-content\/uploads\/2023\/09\/Camera...-Etages-I-et-II-Udine-Maison-de-Filippo-Vanni-degli-Onesti-768x448.jpg 768w, https:\/\/rcppm.org\/blog\/wp-content\/uploads\/2023\/09\/Camera...-Etages-I-et-II-Udine-Maison-de-Filippo-Vanni-degli-Onesti-1536x896.jpg 1536w, https:\/\/rcppm.org\/blog\/wp-content\/uploads\/2023\/09\/Camera...-Etages-I-et-II-Udine-Maison-de-Filippo-Vanni-degli-Onesti.jpg 1928w\" sizes=\"auto, (max-width: 1024px) 100vw, 1024px\" \/><\/figure>\n\n\n\n<p><br>Le projet a \u00e9t\u00e9 r\u00e9alis\u00e9 en collaboration avec :<\/p>\n\n\n\n<ul class=\"wp-block-list\">\n<li>Anthropologie Historique du Long Moyen \u00c2ge (AHLoMA) dell&rsquo; \u00c9cole des hautes \u00e9tudes en sciences<br>sociales (EHESS)<\/li>\n\n\n\n<li>Instituto Universitario de Investigaci\u00f3n en Patrimonio y Humanidades de la Universidad de Zaragoza<\/li>\n\n\n\n<li>Departamento de Historia Medieval y Ciencias y T\u00e9cnicas Historiogr\u00e1ficas, Universidad de Valencia<\/li>\n\n\n\n<li>Association internationale de recherche sur les charpentes et plafonds peints m\u00e9di\u00e9vaux (RCPPM)<\/li>\n\n\n\n<li>Ente regionale per il patrimonio culturale del Friuli venezia Giulia (ERPaC)<\/li>\n\n\n\n<li>Virtualgeo srl<\/li>\n\n\n\n<li>Consorzio per la salvaguardia dei castelli storici del Fiuli Venezia Giulia<\/li>\n\n\n\n<li>Comune di Udine &#8211; Museo Etnografico del Friuli<\/li>\n\n\n\n<li>Centro internazionale di studi monastici<\/li>\n\n\n\n<li>Centro studi Claviere<\/li>\n\n\n\n<li>Associazione italiana per lo sviluppo della cultura d\u2019impresa (AICS)<\/li>\n\n\n\n<li>Associazione dei Toscani in Friuli Venezia Giulia<br>et avec le soutien financier de :<\/li>\n\n\n\n<li>Universit\u00e0 degli studi di Udine<\/li>\n\n\n\n<li>Dipartimento di studi umanistici e del patrimonio culturale (DIUM)<\/li>\n\n\n\n<li>Regione Autonoma Friuli Venezia Giulia<\/li>\n\n\n\n<li>Ente regionale per il patrimonio culturale del Friuli venezia Giulia (ERPaC)<\/li>\n\n\n\n<li>Associazione italiana per lo sviluppo della cultura d\u2019impresa (AICS)<\/li>\n\n\n\n<li>Associazione dei Toscani in Friuli Venezia Giulia<br>Les r\u00e9sultats du projet \u2013 qui seront d\u00e9finitivement publi\u00e9s en octobre prochain, en gardant toujours la possibilit\u00e9 de mise \u00e0<br>jour \u2013 peuvent d\u00e9j\u00e0 \u00eatre consult\u00e9s sur le site du LIDA (Laboratorio Informatico per la Documentazione Storico Artistica, cr\u00e9\u00e9 au<br>D\u00e9partement des Studi Umanistici e del Patrimonio Culturale de l&rsquo;Universit\u00e9 d&rsquo;Udine) aux liens suivants :<\/li>\n\n\n\n<li><a rel=\"noreferrer noopener\" href=\"https:\/\/edvara.infofactory.it\/interni-del-friuli-medioevale\/\" target=\"_blank\">Projet LIDA<\/a> (qui fait \u00e9galement r\u00e9f\u00e9rence au mod\u00e8le 3D)<br><a href=\"https:\/\/sketchfab.com\/3d-models\/palazzo-vanni-degli-onesti-piano-1-4afaf056d77f4bcc98f7dfceaefc26fb\" target=\"_blank\" rel=\"noreferrer noopener\">Mod\u00e8le 3D &#8211; premier \u00e9tage<\/a><\/li>\n\n\n\n<li><a href=\"https:\/\/sketchfab.com\/3d-models\/palazzo-vanni-degli-onesti-piano-2-360dd85a9fb84b248e8dfec8328cc182\" target=\"_blank\" rel=\"noreferrer noopener\">Mod\u00e8le 3D &#8211; Secondo piano<\/a><\/li>\n<\/ul>\n\n\n\n<div style=\"height:100px\" aria-hidden=\"true\" class=\"wp-block-spacer\"><\/div>\n\n\n\n<p>Maurizio d&rsquo;Arcano Grattoni est professeur d&rsquo;Histoire de la production artisanale et de la culture mat\u00e9rielle au Moyen \u00c2ge et d&rsquo;Histoire des arts appliqu\u00e9s au D\u00e9partement de Studi umanistici e del patrimonio culturale de l&rsquo;Universit\u00e9 d&rsquo;Udine. Ses principaux domaines d&rsquo;\u00e9tude concernent l&rsquo;architecture et l&rsquo;ameublement r\u00e9sidentiels entre la fin du Moyen \u00c2ge et le d\u00e9but de la Renaissance. Auteur d&rsquo;\u00e9tudes et d&rsquo;essais sur ces sujets, en ce qui concerne les plafonds en bois, il a \u00e9t\u00e9 commissaire de l&rsquo;exposition Tabul\u00e6 pict\u00e6 (2013).<\/p>\n\n\n\n<p>Francesco Fratta de Tomas est titulaire d&rsquo;un doctorat en histoire de l&rsquo;art. Il a trait\u00e9 en particulier des plafonds en bois peint et des meubles plats sculpt\u00e9s de la r\u00e9gion nord de l&rsquo;Italie des XVe et XVIe si\u00e8cles, th\u00e8mes qu&rsquo;il a d\u00e9velopp\u00e9s lors de bourses de recherche au D\u00e9partement de Studi umanistici e del patrimonio culturale de l&rsquo;Universit\u00e9 d&rsquo;Udine. Il a publi\u00e9 des essais sur l&rsquo;architecture r\u00e9sidentielle et les arts appliqu\u00e9s, dont le volume Soffitti lignei in Friuli fra Medioevo e Rinascimento (2019).<\/p>\n\n\n\n<p>Tous deux font partie de groupes de recherche nationaux et internationaux, dont LOC-GLOB. The local connectivity in an age of global intensification (1280-1500) au cours de laquelle ils sont engag\u00e9s dans l&rsquo;\u00e9tude des int\u00e9rieurs du Frioul \u00e0 travers l&rsquo;inventairia bonorum du XVe si\u00e8cle. Ils ont r\u00e9cemment organis\u00e9 le colloque international Cieli dipinti Soffitti lignei nell\u2019Europa meridionale fra Medioevo e Rinascimento (2019; les actes publi\u00e9s en 2022).<\/p>\n","protected":false},"excerpt":{"rendered":"<p>Maurizio d&rsquo;Arcano Grattoni et Francesco Fratta de Tomas nous font part de la mise en ligne d&rsquo;un tr\u00e8s beau travail de restitution en 3D d&rsquo;un&#46;&#46;&#46;<\/p>\n","protected":false},"author":11,"featured_media":5822,"comment_status":"closed","ping_status":"closed","sticky":false,"template":"","format":"standard","meta":{"footnotes":"","_links_to":"","_links_to_target":""},"categories":[71,67],"tags":[],"class_list":["post-5821","post","type-post","status-publish","format-standard","has-post-thumbnail","hentry","category-la-vie-des-plafonds","category-publications"],"_links":{"self":[{"href":"https:\/\/rcppm.org\/blog\/wp-json\/wp\/v2\/posts\/5821","targetHints":{"allow":["GET"]}}],"collection":[{"href":"https:\/\/rcppm.org\/blog\/wp-json\/wp\/v2\/posts"}],"about":[{"href":"https:\/\/rcppm.org\/blog\/wp-json\/wp\/v2\/types\/post"}],"author":[{"embeddable":true,"href":"https:\/\/rcppm.org\/blog\/wp-json\/wp\/v2\/users\/11"}],"replies":[{"embeddable":true,"href":"https:\/\/rcppm.org\/blog\/wp-json\/wp\/v2\/comments?post=5821"}],"version-history":[{"count":3,"href":"https:\/\/rcppm.org\/blog\/wp-json\/wp\/v2\/posts\/5821\/revisions"}],"predecessor-version":[{"id":5830,"href":"https:\/\/rcppm.org\/blog\/wp-json\/wp\/v2\/posts\/5821\/revisions\/5830"}],"wp:featuredmedia":[{"embeddable":true,"href":"https:\/\/rcppm.org\/blog\/wp-json\/wp\/v2\/media\/5822"}],"wp:attachment":[{"href":"https:\/\/rcppm.org\/blog\/wp-json\/wp\/v2\/media?parent=5821"}],"wp:term":[{"taxonomy":"category","embeddable":true,"href":"https:\/\/rcppm.org\/blog\/wp-json\/wp\/v2\/categories?post=5821"},{"taxonomy":"post_tag","embeddable":true,"href":"https:\/\/rcppm.org\/blog\/wp-json\/wp\/v2\/tags?post=5821"}],"curies":[{"name":"wp","href":"https:\/\/api.w.org\/{rel}","templated":true}]}}