{"id":5736,"date":"2023-05-23T10:20:11","date_gmt":"2023-05-23T08:20:11","guid":{"rendered":"https:\/\/rcppm.org\/blog\/?p=5736"},"modified":"2023-05-29T11:45:07","modified_gmt":"2023-05-29T09:45:07","slug":"conference-c-bulte-images-ignorees-du-moyen-age-lart-des-plafonds-peints-niort-24-mai-2023","status":"publish","type":"post","link":"https:\/\/rcppm.org\/blog\/2023\/05\/conference-c-bulte-images-ignorees-du-moyen-age-lart-des-plafonds-peints-niort-24-mai-2023\/","title":{"rendered":"Conf\u00e9rence : C. Bult\u00e9, \u00ab\u00a0Images ignor\u00e9es du Moyen \u00c2ge : l&rsquo;art des plafonds peints\u00a0\u00bb, Niort, 24 mai 2023"},"content":{"rendered":"<p>La RCPPM a le plaisir d&rsquo;annoncer la conf\u00e9rence que C\u00e9cile Bult\u00e9 donnera mercredi 24 mai 2023 au Mus\u00e9e Bernard d&rsquo;Agesci de Niort.<\/p>\n<p><strong><u>R\u00e9sum\u00e9<\/u><\/strong><\/p>\n<p><img loading=\"lazy\" decoding=\"async\" class=\"size-medium wp-image-5737 alignright\" src=\"https:\/\/rcppm.org\/blog\/wp-content\/uploads\/2023\/05\/IIIa_3_04062015-Capture0028-2-264x300.jpg\" alt=\"\" width=\"264\" height=\"300\" srcset=\"https:\/\/rcppm.org\/blog\/wp-content\/uploads\/2023\/05\/IIIa_3_04062015-Capture0028-2-264x300.jpg 264w, https:\/\/rcppm.org\/blog\/wp-content\/uploads\/2023\/05\/IIIa_3_04062015-Capture0028-2-902x1024.jpg 902w, https:\/\/rcppm.org\/blog\/wp-content\/uploads\/2023\/05\/IIIa_3_04062015-Capture0028-2-768x872.jpg 768w, https:\/\/rcppm.org\/blog\/wp-content\/uploads\/2023\/05\/IIIa_3_04062015-Capture0028-2.jpg 1105w\" sizes=\"auto, (max-width: 264px) 100vw, 264px\" \/>Oubli\u00e9s, ignor\u00e9s, censur\u00e9s\u2026 les plafonds peints du Moyen \u00c2ge n\u2019ont pas la m\u00eame r\u00e9putation que ceux de l\u2019\u00e9poque baroque. Ils comptent pourtant parmi les objets d\u2019art les plus surprenants de l\u2019\u00e9poque m\u00e9di\u00e9vale. L\u2019int\u00e9r\u00eat r\u00e9cent de certains chercheurs a permis de d\u00e9couvrir qu\u2019ils constituaient un v\u00e9ritable tr\u00e9sor iconographique. Des milliers d\u2019images, peintes sur les charpentes des \u00e9glises ou des maisons de l\u2019arc m\u00e9diterran\u00e9en, sur de petits panneaux de bois appel\u00e9s closoirs, entre le XIIIe et le XVIe si\u00e8cles. Levant les yeux, le spectateur y d\u00e9couvre des sujets religieux, mais aussi un foisonnement de sujets profanes, du portrait glorifiant du commanditaire \u00e0 des motifs comiques, grotesques ou \u00ab obsc\u00e8nes \u00bb &#8211; que les modernes ont jug\u00e9 bon de censurer.<a href=\"https:\/\/www.youtube.com\/watch?v=rytotPts-qk\">https:\/\/www.youtube.com\/watch?v=rytotPts-qk<\/a><\/p>\n<p>Les plafonds peints du Moyen \u00c2ge nous invitent \u00e0 admirer l\u2019art m\u00e9connu de la charpente et \u00e0 d\u00e9couvrir ces images, souvent in\u00e9dites, dont l\u2019imaginaire d\u00e9brid\u00e9 laisse parfois perplexes les sp\u00e9cialistes. Il s\u2019agit, \u00e0 travers cette conf\u00e9rence, de prendre conscience de la valeur de ce patrimoine souvent ignor\u00e9 et toujours menac\u00e9 de destruction.<\/p>\n<p><span style=\"text-decoration: underline;\"><strong>La conf\u00e9renci\u00e8re<\/strong><\/span><\/p>\n<p>C\u00e9cile Bult\u00e9 est docteur en Histoire de l\u2019art m\u00e9di\u00e9val de l\u2019Universit\u00e9 Paris-Sorbonne et auteur d\u2019une th\u00e8se sur les d\u00e9cors peints et sculpt\u00e9s dans l\u2019architecture civile en France \u00e0 la fin du Moyen \u00c2ge. Anciennement ATER \u00e0 l\u2019universit\u00e9 de Nantes, elle exerce aujourd\u2019hui en tant que charg\u00e9e de cours \u00e0 l\u2019Institut catholique de Paris et conf\u00e9renci\u00e8re \u00e0 l\u2019\u00c9cole du Louvre.<\/p>\n<p><strong><span style=\"text-decoration: underline;\">Informations pratiques<\/span><\/strong><\/p>\n<p>Mercredi 24 mai \u00e0 18h<br \/>\nMus\u00e9e Bernard d&rsquo;Agesci<br \/>\n26 avenue de Limoges<br \/>\n79000 Niort<br \/>\n<a href=\"https:\/\/musees.niortagglo.fr\/musee-bernard-dagesci\/services\/agenda-du-musee\/agenda\/conference-plafonds-peints-et-images-domestiques-medievales\/index.html\">Plus d&rsquo;informations sur le site du mus\u00e9e<\/a><\/p>\n","protected":false},"excerpt":{"rendered":"<p>La RCPPM a le plaisir d&rsquo;annoncer la conf\u00e9rence que C\u00e9cile Bult\u00e9 donnera mercredi 24 mai 2023 au Mus\u00e9e Bernard d&rsquo;Agesci de Niort. R\u00e9sum\u00e9 Oubli\u00e9s, ignor\u00e9s,&#46;&#46;&#46;<\/p>\n","protected":false},"author":9,"featured_media":5738,"comment_status":"closed","ping_status":"closed","sticky":false,"template":"","format":"standard","meta":{"footnotes":"","_links_to":"","_links_to_target":""},"categories":[32],"tags":[],"class_list":["post-5736","post","type-post","status-publish","format-standard","has-post-thumbnail","hentry","category-colloques"],"_links":{"self":[{"href":"https:\/\/rcppm.org\/blog\/wp-json\/wp\/v2\/posts\/5736","targetHints":{"allow":["GET"]}}],"collection":[{"href":"https:\/\/rcppm.org\/blog\/wp-json\/wp\/v2\/posts"}],"about":[{"href":"https:\/\/rcppm.org\/blog\/wp-json\/wp\/v2\/types\/post"}],"author":[{"embeddable":true,"href":"https:\/\/rcppm.org\/blog\/wp-json\/wp\/v2\/users\/9"}],"replies":[{"embeddable":true,"href":"https:\/\/rcppm.org\/blog\/wp-json\/wp\/v2\/comments?post=5736"}],"version-history":[{"count":5,"href":"https:\/\/rcppm.org\/blog\/wp-json\/wp\/v2\/posts\/5736\/revisions"}],"predecessor-version":[{"id":5768,"href":"https:\/\/rcppm.org\/blog\/wp-json\/wp\/v2\/posts\/5736\/revisions\/5768"}],"wp:featuredmedia":[{"embeddable":true,"href":"https:\/\/rcppm.org\/blog\/wp-json\/wp\/v2\/media\/5738"}],"wp:attachment":[{"href":"https:\/\/rcppm.org\/blog\/wp-json\/wp\/v2\/media?parent=5736"}],"wp:term":[{"taxonomy":"category","embeddable":true,"href":"https:\/\/rcppm.org\/blog\/wp-json\/wp\/v2\/categories?post=5736"},{"taxonomy":"post_tag","embeddable":true,"href":"https:\/\/rcppm.org\/blog\/wp-json\/wp\/v2\/tags?post=5736"}],"curies":[{"name":"wp","href":"https:\/\/api.w.org\/{rel}","templated":true}]}}