{"id":5712,"date":"2023-05-08T11:31:38","date_gmt":"2023-05-08T09:31:38","guid":{"rendered":"https:\/\/rcppm.org\/blog\/?p=5712"},"modified":"2023-05-14T15:55:03","modified_gmt":"2023-05-14T13:55:03","slug":"conference-g-langlois-les-mysteres-dun-plafond-peint-de-lagrasse-lagrasse-21-avril-2023-en-ligne","status":"publish","type":"post","link":"https:\/\/rcppm.org\/blog\/2023\/05\/conference-g-langlois-les-mysteres-dun-plafond-peint-de-lagrasse-lagrasse-21-avril-2023-en-ligne\/","title":{"rendered":"Conf\u00e9rence : G. Langlois, \u00ab\u00a0Les myst\u00e8res d&rsquo;un plafond peint de Lagrasse\u00a0\u00bb, Lagrasse, 21 avril 2023 (en ligne)"},"content":{"rendered":"<p>La RCPPM est heureuse de partager la conf\u00e9rence donn\u00e9e par Gauthier Langlois le 21 avril dernier \u00e0 l&rsquo;abbaye de Lagrasse, dans le cadre du cycle <a href=\"https:\/\/archivesdepartementales.aude.fr\/actualites\/joyeux-archiversaire-demandez-le-programme-janvier-juin-2023\">Joyeux Anniversaire<\/a> organis\u00e9 par les Archives d\u00e9partementales de l\u2019Aude-Marcel Rainaud :<\/p>\n<p><iframe loading=\"lazy\" title=\"YouTube video player\" src=\"https:\/\/www.youtube.com\/embed\/PmNW_46J2lI\" width=\"560\" height=\"315\" frameborder=\"0\" allowfullscreen=\"allowfullscreen\"><\/iframe><\/p>\n<p><strong>La conf\u00e9rence<\/strong><\/p>\n<p>\u00c0 la charni\u00e8re du Moyen \u00c2ge et de la Renaissance, un riche commanditaire d\u00e9core sa maison d\u2019un extraordinaire ensemble de plafonds peints. Des sc\u00e8nes inspir\u00e9es par le carnaval et le monde invers\u00e9 voisinent avec les armoiries du propri\u00e9taire et de son r\u00e9seau. Celui-ci peut ainsi distraire ses invit\u00e9s avec des sc\u00e8nes plaisantes de musiciens et d\u2019acrobates, de moines libertins et de prostitu\u00e9es, d\u2019hommes tirant une charrue conduite par un animal, d\u2019animaux fantastiques. Il peut aussi montrer la puissance de son clan en affichant ses armoiries aux c\u00f4t\u00e9s de celles de la famille royale et de grands du royaume. Mais qui est le myst\u00e9rieux commanditaire de ce d\u00e9cor ? L\u2019identification des armoiries, men\u00e9e \u00e0 la mani\u00e8re d\u2019une enqu\u00eate polici\u00e8re, a permis de l\u2019identifier et de pr\u00e9ciser la date d\u2019ex\u00e9cution de cet exceptionnel tr\u00e9sor patrimonial.\u00a0 <a href=\"https:\/\/www.youtube.com\/watch?v=GyEDY4pfG6U\">En savoir plus sur RCPPM Vid\u00e9o<\/a><\/p>\n<p>Cette conf\u00e9rence s&rsquo;appuie sur les recherches men\u00e9es par Gauthier Langlois et Jean-Pierre Sarret sur les charpentes peintes de la <a href=\"https:\/\/www.tourisme-corbieres-minervois.com\/patrimoine-culturel\/la-maison-du-patrimoine\/\">maison du patrimoine de Lagrasse<\/a>, ayant donn\u00e9 lieu \u00e0 un article qui para\u00eetra \u00e0 l&rsquo;automne prochain :<\/p>\n<p>Langlois (Gauthier), Sarret (Jean-Pierre). \u2013 \u00ab\u00a0Afficher son imaginaire et son r\u00e9seau social en 1492\u00a0: le programme iconographique et h\u00e9raldique des plafonds de la maison du cam\u00e9rier Audoin d&rsquo;Abzac \u00e0 Lagrasse (Aude)\u00a0\u00bb, <em>Bulletin de la Soci\u00e9t\u00e9 d&rsquo;\u00e9tudes scientifiques de l&rsquo;Aude,<\/em> tome CXXII, 2022.<\/p>\n<p><strong>Le conf\u00e9rencier\u00a0<\/strong><\/p>\n<p>Membre de l&rsquo;association internationale de Recherche sur les Charpentes et les Plafonds Peints M\u00e9di\u00e9vaux, Gauthier Langlois, historien, professeur d\u2019histoire-g\u00e9ographie et chercheur associ\u00e9 \u00e0 l\u2019universit\u00e9 de Toulouse II Jean-Jaur\u00e8s, a beaucoup travaill\u00e9 sur l\u2019identification et la compr\u00e9hension des plafonds peints languedociens du Moyen Age et de la Renaissance, et en particulier de ceux de Lagrasse.<\/p>\n<p>La vid\u00e9o ainsi que toutes les informations relatives \u00e0 la conf\u00e9rence sont disponibles sur le <a href=\"https:\/\/archivesdepartementales.aude.fr\/actualites\/voir-ou-revoir-la-conference-les-mysteres-dun-plafond-peint-de-lagrasse-de-gauthier\">site des Archives d\u00e9partementales de l&rsquo;Aude<\/a>.<\/p>\n\n\n<p>\u00a0<\/p>\n","protected":false},"excerpt":{"rendered":"<p>La RCPPM est heureuse de partager la conf\u00e9rence donn\u00e9e par Gauthier Langlois le 21 avril dernier \u00e0 l&rsquo;abbaye de Lagrasse, dans le cadre du cycle&#46;&#46;&#46;<\/p>\n","protected":false},"author":9,"featured_media":5717,"comment_status":"closed","ping_status":"closed","sticky":false,"template":"","format":"standard","meta":{"footnotes":"","_links_to":"","_links_to_target":""},"categories":[32],"tags":[],"class_list":["post-5712","post","type-post","status-publish","format-standard","has-post-thumbnail","hentry","category-colloques"],"_links":{"self":[{"href":"https:\/\/rcppm.org\/blog\/wp-json\/wp\/v2\/posts\/5712","targetHints":{"allow":["GET"]}}],"collection":[{"href":"https:\/\/rcppm.org\/blog\/wp-json\/wp\/v2\/posts"}],"about":[{"href":"https:\/\/rcppm.org\/blog\/wp-json\/wp\/v2\/types\/post"}],"author":[{"embeddable":true,"href":"https:\/\/rcppm.org\/blog\/wp-json\/wp\/v2\/users\/9"}],"replies":[{"embeddable":true,"href":"https:\/\/rcppm.org\/blog\/wp-json\/wp\/v2\/comments?post=5712"}],"version-history":[{"count":5,"href":"https:\/\/rcppm.org\/blog\/wp-json\/wp\/v2\/posts\/5712\/revisions"}],"predecessor-version":[{"id":5724,"href":"https:\/\/rcppm.org\/blog\/wp-json\/wp\/v2\/posts\/5712\/revisions\/5724"}],"wp:featuredmedia":[{"embeddable":true,"href":"https:\/\/rcppm.org\/blog\/wp-json\/wp\/v2\/media\/5717"}],"wp:attachment":[{"href":"https:\/\/rcppm.org\/blog\/wp-json\/wp\/v2\/media?parent=5712"}],"wp:term":[{"taxonomy":"category","embeddable":true,"href":"https:\/\/rcppm.org\/blog\/wp-json\/wp\/v2\/categories?post=5712"},{"taxonomy":"post_tag","embeddable":true,"href":"https:\/\/rcppm.org\/blog\/wp-json\/wp\/v2\/tags?post=5712"}],"curies":[{"name":"wp","href":"https:\/\/api.w.org\/{rel}","templated":true}]}}