{"id":5554,"date":"2022-09-30T20:21:49","date_gmt":"2022-09-30T18:21:49","guid":{"rendered":"https:\/\/rcppm.org\/blog\/?p=5554"},"modified":"2022-09-30T20:23:06","modified_gmt":"2022-09-30T18:23:06","slug":"conference-arts-de-lire-les-plafonds-peints-28-mai-2022-video","status":"publish","type":"post","link":"https:\/\/rcppm.org\/blog\/2022\/09\/conference-arts-de-lire-les-plafonds-peints-28-mai-2022-video\/","title":{"rendered":"Conf\u00e9rence \u00ab Arts de lire les plafonds peints \u00bb, 28 mai 2022 [vid\u00e9o]"},"content":{"rendered":"\n<p>Dans le cadre du Banquet de printemps 2022 de Lagrasse intitul\u00e9 \u00ab&nbsp;\u00c0 la crois\u00e9e des arts de lire&nbsp;\u00bb, Maud P\u00e9rez-Simon a donn\u00e9 une conf\u00e9rence sur les \u00ab&nbsp;Arts de lire les plafonds peints&nbsp;\u00bb.<\/p>\n\n\n\n<p>Maud P\u00e9rez-Simon a expos\u00e9 au public ce corpus encore souvent m\u00e9connu en expliquant les conditions de red\u00e9couverte des plafonds depuis les ann\u00e9es 2000 et en pr\u00e9sentant les travaux de la RCPPM ainsi que la carte interactive des plafonds peints [lien]. Elle a ensuite parl\u00e9 des plafonds de Lagrasse en particulier, et des closoirs uniques de la maison du patrimoine. Enfin, elle a pr\u00e9sent\u00e9 plus pr\u00e9cis\u00e9ment son travail sur le lien entre litt\u00e9rature et plafonds peints, pour lequel elle a \u00e9t\u00e9 nomm\u00e9e \u00e0 l\u2019Institut universitaire de France [lien :&nbsp;<a rel=\"noreferrer noopener\" href=\"https:\/\/www.iufrance.fr\/les-membres-de-liuf\/membre\/1893-maud-perez-simon.html\" target=\"_blank\">https:\/\/www.iufrance.fr\/les-membres-de-liuf\/membre\/1893-maud-perez-simon.html<\/a>]. Ont \u00e9t\u00e9 abord\u00e9s la corr\u00e9lation entre les diff\u00e9rents types de charpente et la narrative, les liens textes &#8211; images, les inscriptions sur les phylact\u00e8res, les inscriptions accompagnant des images, les dialogues peints. La communication s\u2019est termin\u00e9e par une proposition de r\u00e9flexion sur le r\u00f4le de la d\u00e9ambulation du spectateur dans l\u2019appr\u00e9hension et la compr\u00e9hension des plafonds par le visiteur. Ce dernier point fera l\u2019objet d\u2019un article intitul\u00e9 \u00ab&nbsp;Spatialisation des mots et des images sur les plafonds peints du Moyen \u00c2ge \u00bb, \u00e0 para\u00eetre dans La Part de l\u2019\u0153il, vol. 37 \u00ab Suspendre le temps, continuer l&rsquo;espace \u00bb.<\/p>\n\n\n\n<p>La communication sur l\u2019 \u00ab Art de lire les plafonds peints \u00bb s\u2019inscrit dans l\u2019axe th\u00e9matique de l\u2019Etablissement public de coop\u00e9ration culturelle \u00ab Les arts de lire &#8211; Abbaye de Lagrasse\u00a0\u00bb et \u00a0pose des jalons pour une future collaboration entre la RCPPM, l&rsquo;association le Marque Page [<a rel=\"noreferrer noopener\" href=\"https:\/\/abbayedelagrasse.aude.fr\/lassociation-le-marque-page\" target=\"_blank\">https:\/\/abbayedelagrasse.aude.fr\/lassociation-le-marque-page<\/a>]\u00a0et l\u2019EPCC.<\/p>\n\n\n\n<p>La conf\u00e9rence est d\u00e9sormais visible sur la cha\u00eene Youtube Banquetdelagrasse :&nbsp;<a rel=\"noreferrer noopener\" href=\"https:\/\/www.youtube.com\/watch?v=JmAFHKl2D0Q\" target=\"_blank\">https:\/\/www.youtube.com\/watch?v=JmAFHKl2D0Q<\/a><\/p>\n\n\n\n<p>Le programme du Banquet est disponible <a href=\"https:\/\/rcppm.org\/blog\/wp-content\/uploads\/2022\/09\/Programme-Banquet_Printemps_2022.pdf\" target=\"_blank\" rel=\"noreferrer noopener\">ici<\/a><\/p>\n","protected":false},"excerpt":{"rendered":"<p>Dans le cadre du Banquet de printemps 2022 de Lagrasse intitul\u00e9 \u00ab&nbsp;\u00c0 la crois\u00e9e des arts de lire&nbsp;\u00bb, Maud P\u00e9rez-Simon a donn\u00e9 une conf\u00e9rence sur&#46;&#46;&#46;<\/p>\n","protected":false},"author":11,"featured_media":5555,"comment_status":"closed","ping_status":"closed","sticky":false,"template":"","format":"standard","meta":{"footnotes":"","_links_to":"","_links_to_target":""},"categories":[32],"tags":[],"class_list":["post-5554","post","type-post","status-publish","format-standard","has-post-thumbnail","hentry","category-colloques"],"_links":{"self":[{"href":"https:\/\/rcppm.org\/blog\/wp-json\/wp\/v2\/posts\/5554","targetHints":{"allow":["GET"]}}],"collection":[{"href":"https:\/\/rcppm.org\/blog\/wp-json\/wp\/v2\/posts"}],"about":[{"href":"https:\/\/rcppm.org\/blog\/wp-json\/wp\/v2\/types\/post"}],"author":[{"embeddable":true,"href":"https:\/\/rcppm.org\/blog\/wp-json\/wp\/v2\/users\/11"}],"replies":[{"embeddable":true,"href":"https:\/\/rcppm.org\/blog\/wp-json\/wp\/v2\/comments?post=5554"}],"version-history":[{"count":2,"href":"https:\/\/rcppm.org\/blog\/wp-json\/wp\/v2\/posts\/5554\/revisions"}],"predecessor-version":[{"id":5559,"href":"https:\/\/rcppm.org\/blog\/wp-json\/wp\/v2\/posts\/5554\/revisions\/5559"}],"wp:featuredmedia":[{"embeddable":true,"href":"https:\/\/rcppm.org\/blog\/wp-json\/wp\/v2\/media\/5555"}],"wp:attachment":[{"href":"https:\/\/rcppm.org\/blog\/wp-json\/wp\/v2\/media?parent=5554"}],"wp:term":[{"taxonomy":"category","embeddable":true,"href":"https:\/\/rcppm.org\/blog\/wp-json\/wp\/v2\/categories?post=5554"},{"taxonomy":"post_tag","embeddable":true,"href":"https:\/\/rcppm.org\/blog\/wp-json\/wp\/v2\/tags?post=5554"}],"curies":[{"name":"wp","href":"https:\/\/api.w.org\/{rel}","templated":true}]}}