{"id":4627,"date":"2021-07-07T12:45:26","date_gmt":"2021-07-07T10:45:26","guid":{"rendered":"https:\/\/rcppm.org\/blog\/?p=4627"},"modified":"2021-08-22T14:35:57","modified_gmt":"2021-08-22T12:35:57","slug":"14e-rencontres-de-la-rcppm-capestang-11-septembre-2021","status":"publish","type":"post","link":"https:\/\/rcppm.org\/blog\/2021\/07\/14e-rencontres-de-la-rcppm-capestang-11-septembre-2021\/","title":{"rendered":"14e Rencontres de la RCPPM : Capestang, 11 septembre 2021"},"content":{"rendered":"<p><img loading=\"lazy\" decoding=\"async\" class=\"alignleft size-medium wp-image-4617\" src=\"https:\/\/rcppm.org\/blog\/wp-content\/uploads\/2021\/07\/Affiche-Rencontres-2021-219x300.png\" alt=\"\" width=\"219\" height=\"300\" srcset=\"https:\/\/rcppm.org\/blog\/wp-content\/uploads\/2021\/07\/Affiche-Rencontres-2021-219x300.png 219w, https:\/\/rcppm.org\/blog\/wp-content\/uploads\/2021\/07\/Affiche-Rencontres-2021.png 629w\" sizes=\"auto, (max-width: 219px) 100vw, 219px\" \/>Les quatorzi\u00e8mes Rencontres de la RCPPM se tiendront samedi 11 septembre 2021 \u00e0 Capestang. Plac\u00e9es sous le signe de l&rsquo;\u00e9tude des plafonds peints dans leur contexte architectural, ces rencontres seront l&rsquo;occasion de pr\u00e9senter les \u00e9tudes men\u00e9es au cours de l&rsquo;ann\u00e9e, qui ont enrichi nos connaissances des plafonds peints connus comme la d\u00e9couverte de nouveaux.\u00a0<br \/>Sera ainsi pr\u00e9sent\u00e9e l&rsquo;actualit\u00e9 de la recherche au Palais Vieux de Narbonne, o\u00f9 le plafond de l\u2019aile de la Madeleine <a href=\"https:\/\/youtu.be\/NgASRFXLHcs\">https:\/\/youtu.be\/NgASRFXLHcs<\/a>a d\u00e9sormais une datation compl\u00e8te gr\u00e2ce \u00e0 une exp\u00e9rience originale de dendrochronologie de planches fines et o\u00f9 un second plafond peint a \u00e9t\u00e9 d\u00e9couvert. Autre d\u00e9couverte exceptionnelle qui a marqu\u00e9 l&rsquo;ann\u00e9e : la charpente peinte de l&rsquo;\u00e9glise des Carmes de Carcassonne, jusqu&rsquo;ici cach\u00e9e par des vo\u00fbtes modernes en pl\u00e2tre. Le second plafond de la \u00ab\u00a0Notairie\u00a0\u00bb de B\u00e9ziers <a href=\"https:\/\/youtu.be\/sooHWiIY_C4\">https:\/\/youtu.be\/sooHWiIY_C4<\/a>sera \u00e9galement \u00e0 l&rsquo;honneur, pour lequel le d\u00e9veloppement de l\u2019imagerie sous infrarouge a continu\u00e9 avec succ\u00e8s, confirmant un plafond de tr\u00e8s grande qualit\u00e9. Ces rencontres seront \u00e9galement l&rsquo;occasion de pr\u00e9senter, sous un format court, les recherches en cours des jeunes membres de la RCPPM.\u00a0 La journ\u00e9e sera cl\u00f4tur\u00e9e par l\u2019assembl\u00e9e annuelle de l\u2019association.<\/p>\n<p>Les rencontres se tiendront en pr\u00e9sentiel, dans le respect des consignes sanitaires. Inscription obligatoire.\u00a0<\/p>\n<p><strong>Informations pratiques :<\/strong><br \/>Samedi 11 septembre 2021<br \/>Maison du Peuple, 2 rue Arago, Capestang\u00a0<br \/>9h15-15h45 Rencontres<br \/>16h-17h Assembl\u00e9e g\u00e9n\u00e9rale RCPPM<\/p>\n<p><a href=\"https:\/\/rcppm.org\/blog\/wp-content\/uploads\/2021\/07\/De\u0301pliant-2021-v4.pdf\">Programme des rencontres<\/a><\/p>\n<p><a href=\"https:\/\/rcppm.org\/blog\/wp-content\/uploads\/2021\/07\/inscription-11-septembre-2021.docx\">Bulletin d&rsquo;inscription<\/a>\u00a0<\/p>\n\n\n<p><\/p>\n","protected":false},"excerpt":{"rendered":"<p>Les quatorzi\u00e8mes Rencontres de la RCPPM se tiendront samedi 11 septembre 2021 \u00e0 Capestang. Plac\u00e9es sous le signe de l&rsquo;\u00e9tude des plafonds peints dans leur&#46;&#46;&#46;<\/p>\n","protected":false},"author":9,"featured_media":4629,"comment_status":"closed","ping_status":"closed","sticky":false,"template":"","format":"standard","meta":{"footnotes":"","_links_to":"","_links_to_target":""},"categories":[32,34,70],"tags":[],"class_list":["post-4627","post","type-post","status-publish","format-standard","has-post-thumbnail","hentry","category-colloques","category-evenements","category-assoc"],"_links":{"self":[{"href":"https:\/\/rcppm.org\/blog\/wp-json\/wp\/v2\/posts\/4627","targetHints":{"allow":["GET"]}}],"collection":[{"href":"https:\/\/rcppm.org\/blog\/wp-json\/wp\/v2\/posts"}],"about":[{"href":"https:\/\/rcppm.org\/blog\/wp-json\/wp\/v2\/types\/post"}],"author":[{"embeddable":true,"href":"https:\/\/rcppm.org\/blog\/wp-json\/wp\/v2\/users\/9"}],"replies":[{"embeddable":true,"href":"https:\/\/rcppm.org\/blog\/wp-json\/wp\/v2\/comments?post=4627"}],"version-history":[{"count":2,"href":"https:\/\/rcppm.org\/blog\/wp-json\/wp\/v2\/posts\/4627\/revisions"}],"predecessor-version":[{"id":4675,"href":"https:\/\/rcppm.org\/blog\/wp-json\/wp\/v2\/posts\/4627\/revisions\/4675"}],"wp:featuredmedia":[{"embeddable":true,"href":"https:\/\/rcppm.org\/blog\/wp-json\/wp\/v2\/media\/4629"}],"wp:attachment":[{"href":"https:\/\/rcppm.org\/blog\/wp-json\/wp\/v2\/media?parent=4627"}],"wp:term":[{"taxonomy":"category","embeddable":true,"href":"https:\/\/rcppm.org\/blog\/wp-json\/wp\/v2\/categories?post=4627"},{"taxonomy":"post_tag","embeddable":true,"href":"https:\/\/rcppm.org\/blog\/wp-json\/wp\/v2\/tags?post=4627"}],"curies":[{"name":"wp","href":"https:\/\/api.w.org\/{rel}","templated":true}]}}