{"id":4591,"date":"2021-06-07T17:12:03","date_gmt":"2021-06-07T15:12:03","guid":{"rendered":"https:\/\/rcppm.org\/blog\/?p=4591"},"modified":"2021-06-07T17:12:04","modified_gmt":"2021-06-07T15:12:04","slug":"communication-l-gentile-quando-i-cavalli-avevano-le-manie-i-soffitti-antichi-piemontesi-raccontano-apriticielo-6-mai","status":"publish","type":"post","link":"https:\/\/rcppm.org\/blog\/2021\/06\/communication-l-gentile-quando-i-cavalli-avevano-le-manie-i-soffitti-antichi-piemontesi-raccontano-apriticielo-6-mai\/","title":{"rendered":"Communication : L. Gentile, \u00ab\u00a0Quando i cavalli avevano le manie&#8230; I soffitti antichi piemontesi raccontano\u00a0\u00bb, Apriticielo, 6 mai"},"content":{"rendered":"\n<p>La RCPPM a le plaisir de relayer cette interview de Luisa Gentile sur les plafonds peints pi\u00e9montais, par la journaliste Ada Grilli, enregistr\u00e9e en direct le 6 mai dernier sur la page <a rel=\"noreferrer noopener\" href=\"https:\/\/www.facebook.com\/Apriticielo-106062044745987\/?ref=page_internal\" data-type=\"URL\" data-id=\"https:\/\/www.facebook.com\/Apriticielo-106062044745987\/?ref=page_internal\" target=\"_blank\">Apriticielo<\/a> (Facebook). Cet \u00e9change s&rsquo;inscrit \u00e0 la suite de plusieurs interviews sur les plafonds peints m\u00e9di\u00e9vaux donn\u00e9es par plusieurs de nos coll\u00e8gues italiens tels que Licia Butt\u00e0, Paola Bonfadini, Roberta Aglio, Maurizio d&rsquo;Arcano Grattoni et Francesco Fratta de Tomas, que nous vous invitons \u00e0 d\u00e9couvrir. <\/p>\n\n\n\n<iframe loading=\"lazy\" src=\"https:\/\/www.facebook.com\/plugins\/video.php?height=314&amp;href=https%3A%2F%2Fwww.facebook.com%2F106062044745987%2Fvideos%2F129507225795690%2F&amp;show_text=false&amp;width=560&amp;t=0\" width=\"560\" height=\"314\" style=\"border:none;overflow:hidden\" scrolling=\"no\" frameborder=\"0\" allowfullscreen=\"true\" allow=\"autoplay; clipboard-write; encrypted-media; picture-in-picture; web-share\"><\/iframe>\n","protected":false},"excerpt":{"rendered":"<p>La RCPPM a le plaisir de relayer cette interview de Luisa Gentile sur les plafonds peints pi\u00e9montais, par la journaliste Ada Grilli, enregistr\u00e9e en direct&#46;&#46;&#46;<\/p>\n","protected":false},"author":9,"featured_media":4596,"comment_status":"closed","ping_status":"closed","sticky":false,"template":"","format":"standard","meta":{"footnotes":"","_links_to":"","_links_to_target":""},"categories":[32],"tags":[],"class_list":["post-4591","post","type-post","status-publish","format-standard","has-post-thumbnail","hentry","category-colloques"],"_links":{"self":[{"href":"https:\/\/rcppm.org\/blog\/wp-json\/wp\/v2\/posts\/4591","targetHints":{"allow":["GET"]}}],"collection":[{"href":"https:\/\/rcppm.org\/blog\/wp-json\/wp\/v2\/posts"}],"about":[{"href":"https:\/\/rcppm.org\/blog\/wp-json\/wp\/v2\/types\/post"}],"author":[{"embeddable":true,"href":"https:\/\/rcppm.org\/blog\/wp-json\/wp\/v2\/users\/9"}],"replies":[{"embeddable":true,"href":"https:\/\/rcppm.org\/blog\/wp-json\/wp\/v2\/comments?post=4591"}],"version-history":[{"count":5,"href":"https:\/\/rcppm.org\/blog\/wp-json\/wp\/v2\/posts\/4591\/revisions"}],"predecessor-version":[{"id":4597,"href":"https:\/\/rcppm.org\/blog\/wp-json\/wp\/v2\/posts\/4591\/revisions\/4597"}],"wp:featuredmedia":[{"embeddable":true,"href":"https:\/\/rcppm.org\/blog\/wp-json\/wp\/v2\/media\/4596"}],"wp:attachment":[{"href":"https:\/\/rcppm.org\/blog\/wp-json\/wp\/v2\/media?parent=4591"}],"wp:term":[{"taxonomy":"category","embeddable":true,"href":"https:\/\/rcppm.org\/blog\/wp-json\/wp\/v2\/categories?post=4591"},{"taxonomy":"post_tag","embeddable":true,"href":"https:\/\/rcppm.org\/blog\/wp-json\/wp\/v2\/tags?post=4591"}],"curies":[{"name":"wp","href":"https:\/\/api.w.org\/{rel}","templated":true}]}}