{"id":4297,"date":"2020-12-04T07:30:41","date_gmt":"2020-12-04T05:30:41","guid":{"rendered":"http:\/\/rcppm.org\/blog\/?p=4297"},"modified":"2021-02-13T12:26:21","modified_gmt":"2021-02-13T10:26:21","slug":"le-closoir-armorie-du-mois-paul-de-brignac","status":"publish","type":"post","link":"https:\/\/rcppm.org\/blog\/2020\/12\/le-closoir-armorie-du-mois-paul-de-brignac\/","title":{"rendered":"Le closoir armori\u00e9 du mois : Paul de Brignac"},"content":{"rendered":"\n<p><strong> Montagnac, H\u00f4tel de Brignac<\/strong><\/p>\n\n\n\n<div class=\"wp-block-image\"><figure class=\"alignleft is-resized\"><img loading=\"lazy\" decoding=\"async\" src=\"https:\/\/rcppm.org\/blog\/wp-content\/uploads\/2020\/11\/Brignac_salle_murouest_02-Ecu-Brignac-1024x743.jpg\" alt=\"\" class=\"wp-image-4303\" width=\"377\" height=\"273\" srcset=\"https:\/\/rcppm.org\/blog\/wp-content\/uploads\/2020\/11\/Brignac_salle_murouest_02-Ecu-Brignac-1024x743.jpg 1024w, https:\/\/rcppm.org\/blog\/wp-content\/uploads\/2020\/11\/Brignac_salle_murouest_02-Ecu-Brignac-300x218.jpg 300w, https:\/\/rcppm.org\/blog\/wp-content\/uploads\/2020\/11\/Brignac_salle_murouest_02-Ecu-Brignac-768x557.jpg 768w\" sizes=\"auto, (max-width: 377px) 100vw, 377px\" \/><figcaption>salle d&rsquo;apparat, mur ouest<\/figcaption><\/figure><\/div>\n\n\n\n<p>Le plafond plein de charme de l&rsquo;h\u00f4tel de Brignac a \u00e9t\u00e9 restaur\u00e9 en 2010. Il est un des mod\u00e8les marquants de la production des ann\u00e9es 1450. A ce moment-l\u00e0, Paul de Brignac repr\u00e9sente le roi \u00e0 Montagnac et met \u00e0 disposition la salle d&rsquo;apparat de son logis pour la cour royale de justice, comme le font \u00e9galement les Piolenc \u00e0 Pont-Saint-Esprit. Les foires de Montagnac sont l\u2019un des principaux centres du commerce textile dans le royaume, avec P\u00e9zenas. <\/p>\n\n\n\n<p>Sur les armoiries de Paul de Brignac on peut voir un l\u00e9vrier, animal souvent associ\u00e9 \u00e0 la fid\u00e9lit\u00e9. Repr\u00e9sent\u00e9es cinq fois sur le plafond et compl\u00e9t\u00e9es par d&rsquo;autres repr\u00e9sentations de l\u00e9vriers sur des closoirs non armori\u00e9s, Paul de Brignac se positionne fortement au coeur de la noblesse locale et rend hommage aux puissants du royaume ; roi de France, duc de Bretagne, duc de Berry et m\u00eame l&rsquo;Empereur ! <\/p>\n\n\n\n<p>La famille de Brignac acc\u00e8de \u00e0 la \u00ab\u00a0noblesse\u00a0\u00bb par le mariage de Pierre de Brignac avec Simonette de Conas, dans les ann\u00e9es 1380.<\/p>\n\n\n\n<p><strong>Les armoiries de Paul de Brignac peuvent se blasonner ainsi :<\/strong><\/p>\n\n\n\n<p> \u00ab\u00a0De gueules au l\u00e9vrier d&rsquo;argent, collet\u00e9 de m\u00eame\u00a0\u00bb<\/p>\n\n\n\n<div class=\"wp-block-image\"><figure class=\"aligncenter\"><img loading=\"lazy\" decoding=\"async\" width=\"687\" height=\"334\" src=\"https:\/\/rcppm.org\/blog\/wp-content\/uploads\/2020\/11\/Zoom-Brignac.jpg\" alt=\"\" class=\"wp-image-4304\" srcset=\"https:\/\/rcppm.org\/blog\/wp-content\/uploads\/2020\/11\/Zoom-Brignac.jpg 687w, https:\/\/rcppm.org\/blog\/wp-content\/uploads\/2020\/11\/Zoom-Brignac-300x146.jpg 300w\" sizes=\"auto, (max-width: 687px) 100vw, 687px\" \/><figcaption>Ecu de Paul de Brignac<\/figcaption><\/figure><\/div>\n\n\n\n<p><strong>Pour en savoir plus <\/strong>:<\/p>\n\n\n\n<p>Vid\u00e9o de Jo\u00ebl ROURE  <a href=\"https:\/\/youtu.be\/boESZqytHG0\">https:\/\/youtu.be\/boESZqytHG0<\/a><br><a href=\"https:\/\/rcppm.org\/blog\/2011\/02\/montagnac-hotel-de-brignac\/\">Notice du plafond peint de l&rsquo;h\u00f4tel de Brignac, Montagnac<\/a><\/p>\n\n\n\n<p> <\/p>\n","protected":false},"excerpt":{"rendered":"<p>Montagnac, H\u00f4tel de Brignac Le plafond plein de charme de l&rsquo;h\u00f4tel de Brignac a \u00e9t\u00e9 restaur\u00e9 en 2010. Il est un des mod\u00e8les marquants de&#46;&#46;&#46;<\/p>\n","protected":false},"author":12,"featured_media":4304,"comment_status":"closed","ping_status":"closed","sticky":false,"template":"","format":"standard","meta":{"footnotes":"","_links_to":"","_links_to_target":""},"categories":[79],"tags":[],"class_list":["post-4297","post","type-post","status-publish","format-standard","has-post-thumbnail","hentry","category-les-armoiries-du-mois"],"_links":{"self":[{"href":"https:\/\/rcppm.org\/blog\/wp-json\/wp\/v2\/posts\/4297","targetHints":{"allow":["GET"]}}],"collection":[{"href":"https:\/\/rcppm.org\/blog\/wp-json\/wp\/v2\/posts"}],"about":[{"href":"https:\/\/rcppm.org\/blog\/wp-json\/wp\/v2\/types\/post"}],"author":[{"embeddable":true,"href":"https:\/\/rcppm.org\/blog\/wp-json\/wp\/v2\/users\/12"}],"replies":[{"embeddable":true,"href":"https:\/\/rcppm.org\/blog\/wp-json\/wp\/v2\/comments?post=4297"}],"version-history":[{"count":16,"href":"https:\/\/rcppm.org\/blog\/wp-json\/wp\/v2\/posts\/4297\/revisions"}],"predecessor-version":[{"id":4461,"href":"https:\/\/rcppm.org\/blog\/wp-json\/wp\/v2\/posts\/4297\/revisions\/4461"}],"wp:featuredmedia":[{"embeddable":true,"href":"https:\/\/rcppm.org\/blog\/wp-json\/wp\/v2\/media\/4304"}],"wp:attachment":[{"href":"https:\/\/rcppm.org\/blog\/wp-json\/wp\/v2\/media?parent=4297"}],"wp:term":[{"taxonomy":"category","embeddable":true,"href":"https:\/\/rcppm.org\/blog\/wp-json\/wp\/v2\/categories?post=4297"},{"taxonomy":"post_tag","embeddable":true,"href":"https:\/\/rcppm.org\/blog\/wp-json\/wp\/v2\/tags?post=4297"}],"curies":[{"name":"wp","href":"https:\/\/api.w.org\/{rel}","templated":true}]}}