{"id":3909,"date":"2019-11-16T19:06:54","date_gmt":"2019-11-16T17:06:54","guid":{"rendered":"http:\/\/rcppm.org\/blog\/?p=3909"},"modified":"2019-12-18T17:49:38","modified_gmt":"2019-12-18T15:49:38","slug":"annonce-un-plafond-peint-a-acquerir-maison-des-consuls-saint-pons-de-mauchiens","status":"publish","type":"post","link":"https:\/\/rcppm.org\/blog\/2019\/11\/annonce-un-plafond-peint-a-acquerir-maison-des-consuls-saint-pons-de-mauchiens\/","title":{"rendered":"Annonce : un plafond peint \u00e0 acqu\u00e9rir, maison des consuls, Saint-Pons de Mauchiens"},"content":{"rendered":"<p>La maison dite des consuls abrite l&rsquo;un des tr\u00e8s beaux exemples de plafonds peints m\u00e9di\u00e9vaux.<\/p>\n<p>Visionner en 3D : <a href=\"https:\/\/youtu.be\/q9ron0OS9J8\">https:\/\/youtu.be\/q9ron0OS9J8<\/a><\/p>\n<p><a href=\"https:\/\/rcppm.org\/blog\/wp-content\/uploads\/2019\/11\/DSC04221bis.jpg\"><img loading=\"lazy\" decoding=\"async\" class=\"alignleft size-medium wp-image-3961\" src=\"https:\/\/rcppm.org\/blog\/wp-content\/uploads\/2019\/11\/DSC04221bis-300x225.jpg\" alt=\"\" width=\"300\" height=\"225\" srcset=\"https:\/\/rcppm.org\/blog\/wp-content\/uploads\/2019\/11\/DSC04221bis-300x225.jpg 300w, https:\/\/rcppm.org\/blog\/wp-content\/uploads\/2019\/11\/DSC04221bis-768x576.jpg 768w, https:\/\/rcppm.org\/blog\/wp-content\/uploads\/2019\/11\/DSC04221bis-1024x768.jpg 1024w, https:\/\/rcppm.org\/blog\/wp-content\/uploads\/2019\/11\/DSC04221bis.jpg 2048w\" sizes=\"auto, (max-width: 300px) 100vw, 300px\" \/><\/a>Le village de Saint-Pons de Mauchiens s&rsquo;est install\u00e9 au sommet d&rsquo;un \u00ab\u00a0puech\u00a0\u00bb, qui domine la moyenne vall\u00e9e de l&rsquo;H\u00e9rault. Le sommet en est occup\u00e9 par une \u00e9glise, attest\u00e9e d\u00e8s la fin du X<sup>e<\/sup> si\u00e8cle (l&rsquo;\u00e9difice actuel remonte au XII<sup>e<\/sup> si\u00e8cle). \u00c0 ses c\u00f4t\u00e9s, un bouquet de pins occupe l&rsquo;espace de l&rsquo;ancien ch\u00e2teau, disparu apr\u00e8s la R\u00e9volution. Les maisons du village s&rsquo;ordonnent selon un plan concentrique et ces couronnes b\u00e2ties s&rsquo;\u00e9tagent jusqu&rsquo;au bas de la colline. \u00c0 mi-hauteur subsiste une premi\u00e8re ligne de remparts. Selon une situation assez classique dans la r\u00e9gion, que l&rsquo;on retrouve \u00e0 Gabian ou \u00e0 Puissalicon par exemple, la maison \u00ab\u00a0des consuls\u00a0\u00bb s&rsquo;appuie sur les remparts et les traces de l&rsquo;ancien chemin de ronde se voient encore au dernier \u00e9tage de la maison. Aujourd&rsquo;hui nombre de maisons qui composaient la couronne \u00e0 laquelle appartient la maison \u00ab\u00a0des consuls\u00a0\u00bb, ont disparu et les jardins en ont pris la place.<\/p>\n<p>D\u00e8s la fin du X<sup>e<\/sup> si\u00e8cle, le \u00ab\u00a0castrum\u00a0\u00bb de Saint-Pons appartient \u00e0 la vicomt\u00e9 de B\u00e9ziers, \u00e0 ses marges, toutes proches de la zone d&rsquo;influence des seigneurs de Montpellier. Saint-Pons est dans le dioc\u00e8se d&rsquo;Agde, \u00e0 ses marges septentrionales. La grande abbaye cistercienne de Valmagne n&rsquo;est pas loin. Dans cette moyenne vall\u00e9e de l&rsquo;H\u00e9rault, \u00e0 partir du XIII<sup>e<\/sup> si\u00e8cle, la puissance du roi de France est tr\u00e8s pr\u00e9sente. Dans ce pays \u00e0 la riche agriculture, les bourgades s&rsquo;\u00e9chelonnent tout au long de l&rsquo;H\u00e9rault.\u00a0 P\u00e9zenas et Montagnac se d\u00e9veloppent au XIV<sup>e<\/sup> et XV<sup>e <\/sup>si\u00e8cle et leurs foires, \u00e9chelonn\u00e9es tout au long de l&rsquo;ann\u00e9e, sont des p\u00f4les tr\u00e8s prosp\u00e8res du commerce international des draps.<\/p>\n<h6>Le b\u00e2timent<\/h6>\n<p><a href=\"https:\/\/rcppm.org\/blog\/wp-content\/uploads\/2019\/11\/ALIM0601.jpg\"><img loading=\"lazy\" decoding=\"async\" class=\"alignleft wp-image-3963 size-medium\" src=\"https:\/\/rcppm.org\/blog\/wp-content\/uploads\/2019\/11\/ALIM0601-225x300.jpg\" alt=\"\" width=\"225\" height=\"300\" srcset=\"https:\/\/rcppm.org\/blog\/wp-content\/uploads\/2019\/11\/ALIM0601-225x300.jpg 225w, https:\/\/rcppm.org\/blog\/wp-content\/uploads\/2019\/11\/ALIM0601-768x1024.jpg 768w, https:\/\/rcppm.org\/blog\/wp-content\/uploads\/2019\/11\/ALIM0601.jpg 1200w\" sizes=\"auto, (max-width: 225px) 100vw, 225px\" \/><\/a><\/p>\n<p>Il ne subsiste aujourd&rsquo;hui qu&rsquo;une partie de l&rsquo;ancienne demeure : la salle d&rsquo;apparat et la tour qu&rsquo;elle flanque. Une autre aile, disparue, s&rsquo;\u00e9levait de l&rsquo;autre c\u00f4t\u00e9 de la tour, en position sym\u00e9trique de la salle d&rsquo;apparat. Celle-ci, b\u00e2tie au-dessus de salles vout\u00e9es datant sans doute du XIII<sup>e<\/sup> si\u00e8cle, est l\u00e9g\u00e8rement au-dessus du niveau de la rue actuelle. Sa fa\u00e7ade aust\u00e8re, de tr\u00e8s bel appareil, est couronn\u00e9e d&rsquo;un second \u00e9tage sous comble. La souche de chemin\u00e9e, datable du XIVe si\u00e8cle, a \u00e9t\u00e9 rapproch\u00e9e d&rsquo;un mod\u00e8le de Villeneuve-l\u00e8s-Avignon.<br \/>\nS&rsquo;il fut tr\u00e8s r\u00e9cemment restaur\u00e9, le b\u00e2timent ne fut pratiquement pas modifi\u00e9 au cours de la p\u00e9riode \u00ab\u00a0classique\u00a0\u00bb. Cette authenticit\u00e9 m\u00e9di\u00e9vale fait partie des arguments avanc\u00e9s dans le dossier de protection du 13 janvier 1978. \u00a0D&#8217;embl\u00e9e la qualit\u00e9 remarquable du plafond peint qui couvre la salle d&rsquo;apparat est identifi\u00e9e : le plafond est class\u00e9.<\/p>\n<p><a href=\"https:\/\/rcppm.org\/blog\/wp-content\/uploads\/2019\/11\/ALIM0603.jpg\"><img loading=\"lazy\" decoding=\"async\" class=\"aligncenter wp-image-3964\" src=\"https:\/\/rcppm.org\/blog\/wp-content\/uploads\/2019\/11\/ALIM0603-1024x768.jpg\" alt=\"\" width=\"500\" height=\"375\" srcset=\"https:\/\/rcppm.org\/blog\/wp-content\/uploads\/2019\/11\/ALIM0603-1024x768.jpg 1024w, https:\/\/rcppm.org\/blog\/wp-content\/uploads\/2019\/11\/ALIM0603-300x225.jpg 300w, https:\/\/rcppm.org\/blog\/wp-content\/uploads\/2019\/11\/ALIM0603-768x576.jpg 768w, https:\/\/rcppm.org\/blog\/wp-content\/uploads\/2019\/11\/ALIM0603.jpg 1600w\" sizes=\"auto, (max-width: 500px) 100vw, 500px\" \/><\/a><\/p>\n<h6>Structure et ornements de la charpente<\/h6>\n<p><a href=\"https:\/\/rcppm.org\/blog\/wp-content\/uploads\/2019\/11\/DSC03810.jpg\"><img loading=\"lazy\" decoding=\"async\" class=\"alignleft size-medium wp-image-3960\" src=\"https:\/\/rcppm.org\/blog\/wp-content\/uploads\/2019\/11\/DSC03810-225x300.jpg\" alt=\"\" width=\"225\" height=\"300\" srcset=\"https:\/\/rcppm.org\/blog\/wp-content\/uploads\/2019\/11\/DSC03810-225x300.jpg 225w, https:\/\/rcppm.org\/blog\/wp-content\/uploads\/2019\/11\/DSC03810-768x1024.jpg 768w\" sizes=\"auto, (max-width: 225px) 100vw, 225px\" \/><\/a>Port\u00e9 par quatre poutres, le plafond est du type plafond \u00e0 faux caissons, type tr\u00e8s rare en Languedoc, qui le rapproche de plafonds avignonnais et rhodaniens. Chacune des cinq trav\u00e9es est divis\u00e9e en deux caissons. Dans chaque trav\u00e9e, cinq solives, parall\u00e8les aux poutres principales, reposent sur les muraill\u00e8res. Entre les solives, ce sont donc 120 closoirs peints que compte le plafond. Tout autour de la salle d&rsquo;apparat, court une planche festonn\u00e9e, selon un dispositif qui a disparu de la plupart des autres plafonds peints contemporains. Des consoles moulur\u00e9es et sculpt\u00e9es portent les poutres. Des moulures hautes et basse compl\u00e8tent le raffinement de cette charpente.<\/p>\n<h6>Le d\u00e9cor<\/h6>\n<p>Bien qu&rsquo;il soit encore pour une large part cach\u00e9 sous de la suie, le d\u00e9cor laisse deviner un raffinement au moins \u00e9gal. La rigueur de son ordonnancement est exceptionnelle : alternent sans erreur les closoirs h\u00e9raldiques et ceux qui portent des sayn\u00e8tes. Dans un m\u00eame caisson, la disposition th\u00e9matique est tout aussi stricte : h\u00e9raldique et sayn\u00e8tes se font face. Comme dans tout plafond peint de cette \u00e9poque, les planches ne portent aucun d\u00e9cor ; en revanche, fleurs, rubans, pyramides \u00e0 degr\u00e9s sont figur\u00e9s \u00e0 profusion sur les cimaises et les moulures.<\/p>\n<h6>Le d\u00e9cor des closoirs<\/h6>\n<p><a href=\"https:\/\/rcppm.org\/blog\/wp-content\/uploads\/2019\/11\/DSCN5166.jpg\"><img loading=\"lazy\" decoding=\"async\" class=\"alignleft size-medium wp-image-3962\" src=\"https:\/\/rcppm.org\/blog\/wp-content\/uploads\/2019\/11\/DSCN5166-300x225.jpg\" alt=\"\" width=\"300\" height=\"225\" srcset=\"https:\/\/rcppm.org\/blog\/wp-content\/uploads\/2019\/11\/DSCN5166-300x225.jpg 300w, https:\/\/rcppm.org\/blog\/wp-content\/uploads\/2019\/11\/DSCN5166-768x576.jpg 768w, https:\/\/rcppm.org\/blog\/wp-content\/uploads\/2019\/11\/DSCN5166-1024x768.jpg 1024w\" sizes=\"auto, (max-width: 300px) 100vw, 300px\" \/><\/a>Le d\u00e9cor n&rsquo;est pas tout \u00e0 fait complet, certains closoirs ayant disparu. M\u00eame si le plafond n&rsquo;a pas \u00e9t\u00e9 restaur\u00e9, pas m\u00eame nettoy\u00e9, les closoirs ont certainement \u00e9t\u00e9 d\u00e9pos\u00e9s et repos\u00e9s. Pour autant qu&rsquo;on puisse en juger actuellement, les emplacements semblent avoir \u00e9t\u00e9 assez rigoureusement conserv\u00e9s. La polychromie ne s&rsquo;aper\u00e7oit vraiment que sur l&rsquo;unique closoir o\u00f9 un test de nettoyage a \u00e9t\u00e9 fait en 1995 : elle est somptueuse, comme il en va des plafonds contemporains. Sous la suie, et sur l&rsquo;unique closoir restaur\u00e9, se devine un graphisme d&rsquo;une vigueur et d&rsquo;une finesse rares. Chaque sayn\u00e8te semble compos\u00e9e dans un paysage figur\u00e9 par deux arbres plant\u00e9s au bord du closoir, selon un mod\u00e8le plus avignonnais que languedocien. Les th\u00e9matiques en sont encore obscures : peut-\u00eatre les travaux des champs et le monde \u00e0 l&rsquo;envers.<\/p>\n<p>L&rsquo;h\u00e9raldique, si pr\u00e9sente, r\u00e9servera probablement quelques surprises. Ici aussi, dans le quadrilobe qui entoure les armes, se confirme le style avignonnais. On identifie d\u00e9j\u00e0 les armes de plusieurs grands personnages de l&rsquo;\u00c9glise, armes que couvrent chapeau de cardinal et mitre \u00e9piscopale, notamment celles de Guy de Malesec et celles d&rsquo;un membre de la famille H\u00e9lye de Pompadour. D&rsquo;autres sont \u00e0 d\u00e9couvrir sous la suie. On s&rsquo;\u00e9tonne de l&rsquo;absence des armes royales ; pas plus celles des princes de sang ou d&rsquo;autres souverains. Nous ne sommes certainement pas dans la maison du consulat. Une pr\u00e9sence domine toutes les autres, repr\u00e9sent\u00e9e dans chaque caisson, une vingtaine de fois au total : d&rsquo;azur au sautoir d&rsquo;argent, donc un membre de la famille de Montagnac. Nul doute qu&rsquo;il s&rsquo;agit du commanditaire du plafond. Ces premiers indices, joints ensemble, semblent renvoyer \u00e0 la fin du schisme, sans doute aux premi\u00e8res ann\u00e9es du XVe si\u00e8cle. Pourra-t-on tenter, \u00e0 la lumi\u00e8re de quelques \u00e9l\u00e9ments nouveaux, le rapprocher d&rsquo;\u00e9v\u00e8nements plus pr\u00e9cis ? En tous cas, le plafond de Saint-Pons de Mauchiens a le lustre de la cour pontificale.<\/p>\n<p>Cette splendeur est \u00e0 vendre \u00e0 P\u00e9zenas \u00e0 l&rsquo;agence<a href=\"https:\/\/www.saint-andre-immobilier.com\/fr\/annonce\/vente-demeure-pezenas-p-r7-344571283.html\"> Saint-Andr\u00e9 immobilier<\/a>.<\/p>\n","protected":false},"excerpt":{"rendered":"<p>La maison dite des consuls abrite l&rsquo;un des tr\u00e8s beaux exemples de plafonds peints m\u00e9di\u00e9vaux. Visionner en 3D : https:\/\/youtu.be\/q9ron0OS9J8 Le village de Saint-Pons de&#46;&#46;&#46;<\/p>\n","protected":false},"author":9,"featured_media":3962,"comment_status":"closed","ping_status":"closed","sticky":false,"template":"","format":"standard","meta":{"footnotes":"","_links_to":"","_links_to_target":""},"categories":[71],"tags":[],"class_list":["post-3909","post","type-post","status-publish","format-standard","has-post-thumbnail","hentry","category-la-vie-des-plafonds"],"_links":{"self":[{"href":"https:\/\/rcppm.org\/blog\/wp-json\/wp\/v2\/posts\/3909","targetHints":{"allow":["GET"]}}],"collection":[{"href":"https:\/\/rcppm.org\/blog\/wp-json\/wp\/v2\/posts"}],"about":[{"href":"https:\/\/rcppm.org\/blog\/wp-json\/wp\/v2\/types\/post"}],"author":[{"embeddable":true,"href":"https:\/\/rcppm.org\/blog\/wp-json\/wp\/v2\/users\/9"}],"replies":[{"embeddable":true,"href":"https:\/\/rcppm.org\/blog\/wp-json\/wp\/v2\/comments?post=3909"}],"version-history":[{"count":22,"href":"https:\/\/rcppm.org\/blog\/wp-json\/wp\/v2\/posts\/3909\/revisions"}],"predecessor-version":[{"id":3994,"href":"https:\/\/rcppm.org\/blog\/wp-json\/wp\/v2\/posts\/3909\/revisions\/3994"}],"wp:featuredmedia":[{"embeddable":true,"href":"https:\/\/rcppm.org\/blog\/wp-json\/wp\/v2\/media\/3962"}],"wp:attachment":[{"href":"https:\/\/rcppm.org\/blog\/wp-json\/wp\/v2\/media?parent=3909"}],"wp:term":[{"taxonomy":"category","embeddable":true,"href":"https:\/\/rcppm.org\/blog\/wp-json\/wp\/v2\/categories?post=3909"},{"taxonomy":"post_tag","embeddable":true,"href":"https:\/\/rcppm.org\/blog\/wp-json\/wp\/v2\/tags?post=3909"}],"curies":[{"name":"wp","href":"https:\/\/api.w.org\/{rel}","templated":true}]}}