{"id":3017,"date":"2019-05-05T16:16:15","date_gmt":"2019-05-05T14:16:15","guid":{"rendered":"http:\/\/rcppm.org\/blog\/?p=3017"},"modified":"2019-06-29T09:37:39","modified_gmt":"2019-06-29T07:37:39","slug":"voyage-detude-de-maud-perez-simon-en-italie-viadana-mantoue-sabbionetta","status":"publish","type":"post","link":"https:\/\/rcppm.org\/blog\/2019\/05\/voyage-detude-de-maud-perez-simon-en-italie-viadana-mantoue-sabbionetta\/","title":{"rendered":"Voyage d&rsquo;\u00e9tude de Maud P\u00e9rez-Simon en Italie (Viadana, Mantoue, Sabbionetta)"},"content":{"rendered":"<p><img loading=\"lazy\" decoding=\"async\" class=\"alignleft wp-image-3507 \" src=\"https:\/\/rcppm.org\/blog\/wp-content\/uploads\/2019\/05\/Viadana-Maud-Perez-Simon-e1561793811339.jpeg\" alt=\"\" width=\"284\" height=\"284\" srcset=\"https:\/\/rcppm.org\/blog\/wp-content\/uploads\/2019\/05\/Viadana-Maud-Perez-Simon-e1561793811339.jpeg 1200w, https:\/\/rcppm.org\/blog\/wp-content\/uploads\/2019\/05\/Viadana-Maud-Perez-Simon-e1561793811339-300x300.jpeg 300w, https:\/\/rcppm.org\/blog\/wp-content\/uploads\/2019\/05\/Viadana-Maud-Perez-Simon-e1561793811339-768x768.jpeg 768w, https:\/\/rcppm.org\/blog\/wp-content\/uploads\/2019\/05\/Viadana-Maud-Perez-Simon-e1561793811339-1024x1024.jpeg 1024w, https:\/\/rcppm.org\/blog\/wp-content\/uploads\/2019\/05\/Viadana-Maud-Perez-Simon-e1561793811339-160x160.jpeg 160w, https:\/\/rcppm.org\/blog\/wp-content\/uploads\/2019\/05\/Viadana-Maud-Perez-Simon-e1561793811339-320x320.jpeg 320w\" sizes=\"auto, (max-width: 284px) 100vw, 284px\" \/>Dans le cadre du r\u00e9seau de partenariats europ\u00e9ens de la RCPPM, Maud P\u00e9rez-Simon, Ma\u00eetre de conf\u00e9rences en litt\u00e9rature m\u00e9di\u00e9vale \u00e0 la Sorbonne Nouvelle, s&rsquo;est rendue \u00e0 Viadana pour rencontrer les membres de la <a href=\"http:\/\/www.societastoricaviadanese.it\/home\/\">Societ\u00e0 Storica Viadanese<\/a>. Chaleureusement accueillie par le pr\u00e9sident honoraire, Giuseppe Flisi, qui lui avait pr\u00e9par\u00e9 un programme de visite dense et stimulant, elle a pu admirer et \u00e9tudier les somptueux palais Avigni et Gardani, qui comprennent chacun plus de deux cents closoirs, r\u00e9partis sur plusieurs pi\u00e8ces. Les closoirs repr\u00e9sentent principalement des hybrides, des sc\u00e8nes de chasse, des portraits de couple, ainsi que deux sc\u00e8nes d&rsquo;Esope. Les propri\u00e9taires de ces palais ont fait preuve d&rsquo;une grande courtoisie et d&rsquo;une vraie ouverture, d\u00e9sireux qu&rsquo;ils sont de partager avec les chercheurs fran\u00e7ais les tr\u00e9sors qu&rsquo;ils ont d\u00e9couverts et eu \u00e0 c\u0153ur de restaurer.<\/p>\n<p><!--more--><\/p>\n<p>Maud P\u00e9rez-Simon a \u00e9galement inaugur\u00e9, en compagnie de Daniela Benedetti, conservatrice du Museo Civico de Viadana, une nouvelle borne num\u00e9rique qui permet une visualisation optimale de la soixantaine de closoirs conserv\u00e9s au mus\u00e9e. Elle a enfin pu rencontrer les chercheurs locaux actifs dans les \u00e9tudes sur les plafonds peints\u00a0: Giorgio Milanesi, professeur d&rsquo;histoire de l&rsquo;art \u00e0 l&rsquo;Universit\u00e9 de Parme et nouveau pr\u00e9sident de la Societ\u00e0 Storica Viadanese, et Roberta Aglio, biblioth\u00e9caire \u00e0 Cr\u00e9mone.<\/p>\n<p>Pour comprendre les plafonds peints dans leur contexte historique local, elle a \u00e9t\u00e9 accompagn\u00e9e dans sa d\u00e9couverte de Viadana par Luigi Cavatorta, de Mantoue par Giuseppe et Altea Flisi et de Sabbionetta par Giovanni Sartori. Entre ces visites, elle a \u00e9t\u00e9 initi\u00e9e \u00e0 la gastronomie lombarde par Altea Flisi. Son s\u00e9jour a donc \u00e9t\u00e9 aussi savant que savoureux. Il a fait l&rsquo;objet d&rsquo;articles dans des revues locales que nous vous invitons \u00e0 d\u00e9couvrir, sur\u00a0<a href=\"https:\/\/www.oglioponews.it\/2019\/04\/20\/maud-perez-simon-da-parigi-per-ammirare-le-tavolette-da-soffitto-di-viadana\/\">OglioPoNews<\/a>\u00a0et dans La Voce di Mantova en cliquant sur ce\u00a0<a href=\"https:\/\/rcppm.org\/blog\/wp-content\/uploads\/2019\/05\/Maud-La-Voce-di-Mantova.jpg\">lien<\/a>.<\/p>\n<p>Dynamique et active, la Societ\u00e0 Storica Viadanese\u00a0rassemble des chercheurs et des \u00e9rudits passionn\u00e9s d&rsquo;histoire d\u00e9sireux de continuer la collaboration avec la RCPPM, initi\u00e9e en novembre 2018. De beaux projets collectifs sont \u00e0 construire.<\/p>\n","protected":false},"excerpt":{"rendered":"<p>Dans le cadre du r\u00e9seau de partenariats europ\u00e9ens de la RCPPM, Maud P\u00e9rez-Simon, Ma\u00eetre de conf\u00e9rences en litt\u00e9rature m\u00e9di\u00e9vale \u00e0 la Sorbonne Nouvelle, s&rsquo;est rendue&#46;&#46;&#46;<\/p>\n","protected":false},"author":9,"featured_media":3507,"comment_status":"closed","ping_status":"closed","sticky":false,"template":"","format":"standard","meta":{"footnotes":"","_links_to":"","_links_to_target":""},"categories":[72,70],"tags":[],"class_list":["post-3017","post","type-post","status-publish","format-standard","has-post-thumbnail","hentry","category-partenariats","category-assoc"],"_links":{"self":[{"href":"https:\/\/rcppm.org\/blog\/wp-json\/wp\/v2\/posts\/3017","targetHints":{"allow":["GET"]}}],"collection":[{"href":"https:\/\/rcppm.org\/blog\/wp-json\/wp\/v2\/posts"}],"about":[{"href":"https:\/\/rcppm.org\/blog\/wp-json\/wp\/v2\/types\/post"}],"author":[{"embeddable":true,"href":"https:\/\/rcppm.org\/blog\/wp-json\/wp\/v2\/users\/9"}],"replies":[{"embeddable":true,"href":"https:\/\/rcppm.org\/blog\/wp-json\/wp\/v2\/comments?post=3017"}],"version-history":[{"count":5,"href":"https:\/\/rcppm.org\/blog\/wp-json\/wp\/v2\/posts\/3017\/revisions"}],"predecessor-version":[{"id":3509,"href":"https:\/\/rcppm.org\/blog\/wp-json\/wp\/v2\/posts\/3017\/revisions\/3509"}],"wp:featuredmedia":[{"embeddable":true,"href":"https:\/\/rcppm.org\/blog\/wp-json\/wp\/v2\/media\/3507"}],"wp:attachment":[{"href":"https:\/\/rcppm.org\/blog\/wp-json\/wp\/v2\/media?parent=3017"}],"wp:term":[{"taxonomy":"category","embeddable":true,"href":"https:\/\/rcppm.org\/blog\/wp-json\/wp\/v2\/categories?post=3017"},{"taxonomy":"post_tag","embeddable":true,"href":"https:\/\/rcppm.org\/blog\/wp-json\/wp\/v2\/tags?post=3017"}],"curies":[{"name":"wp","href":"https:\/\/api.w.org\/{rel}","templated":true}]}}