{"id":2274,"date":"2016-07-21T11:28:11","date_gmt":"2016-07-21T09:28:11","guid":{"rendered":"http:\/\/rcppm.org\/blog\/?p=2274"},"modified":"2019-07-02T10:01:11","modified_gmt":"2019-07-02T08:01:11","slug":"journees-rcppm-9-et-10-septembre-2016","status":"publish","type":"post","link":"https:\/\/rcppm.org\/blog\/2016\/07\/journees-rcppm-9-et-10-septembre-2016\/","title":{"rendered":"Journ\u00e9es RCPPM, 9 et 10 septembre 2016"},"content":{"rendered":"<p><strong>9 septembre 2016 :<\/strong><\/p>\n<p style=\"text-align: justify;\">Les journ\u00e9es de septembre commenceront d\u00e8s l\u2019apr\u00e8s-midi du 9 avec les&nbsp;actualit\u00e9s \u00e0 Lagrasse et l&rsquo;Assembl\u00e9e G\u00e9n\u00e9rale de l\u2019association.<\/p>\n<p style=\"text-align: justify;\">Pour consulter le programme ou le t\u00e9l\u00e9charger, cliquez <a href=\"https:\/\/rcppm.org\/blog\/wp-content\/uploads\/2016\/07\/PROGRAMME-DU-9-SEPTEMBRE.pdf\" target=\"_blank\" rel=\"noopener noreferrer\">ici<\/a>.<\/p>\n<p style=\"text-align: justify;\"><strong>10 septembre 2016 :<\/strong><\/p>\n<p style=\"text-align: justify;\"><em>\u00ab\u00a0Plafonds peints m\u00e9di\u00e9vaux de part et d&rsquo;autre d&rsquo;une fronti\u00e8re effac\u00e9e\u00a0\u00bb<\/em><\/p>\n<p style=\"text-align: justify;\">Pour la journ\u00e9e du 10, nous vous proposons un parcours des plafonds peints m\u00e9di\u00e9vaux de Mirepoix \u00e0 Pieusse, en passant par Saint-Hilaire et Pomas.<\/p>\n<div id=\"attachment_1919\" style=\"width: 594px\" class=\"wp-caption aligncenter\"><a href=\"https:\/\/rcppm.org\/blog\/wp-content\/uploads\/2015\/06\/Pomas_poutre1_faceA_14-copie.jpg\"><img loading=\"lazy\" decoding=\"async\" aria-describedby=\"caption-attachment-1919\" class=\"size-large wp-image-1919\" src=\"https:\/\/rcppm.org\/blog\/wp-content\/uploads\/2015\/06\/Pomas_poutre1_faceA_14-copie-1024x744.jpg\" alt=\"Closoir du ch\u00e2teau de Pomas, Photo. PO Dittmar\/RCPPM\" width=\"584\" height=\"424\" srcset=\"https:\/\/rcppm.org\/blog\/wp-content\/uploads\/2015\/06\/Pomas_poutre1_faceA_14-copie.jpg 1024w, https:\/\/rcppm.org\/blog\/wp-content\/uploads\/2015\/06\/Pomas_poutre1_faceA_14-copie-768x558.jpg 768w, https:\/\/rcppm.org\/blog\/wp-content\/uploads\/2015\/06\/Pomas_poutre1_faceA_14-copie-300x218.jpg 300w, https:\/\/rcppm.org\/blog\/wp-content\/uploads\/2015\/06\/Pomas_poutre1_faceA_14-copie-413x300.jpg 413w\" sizes=\"auto, (max-width: 584px) 100vw, 584px\" \/><\/a><p id=\"caption-attachment-1919\" class=\"wp-caption-text\">Closoir du ch\u00e2teau de Pomas, Photo. PO Dittmar\/RCPPM<\/p><\/div>\n<p style=\"text-align: justify;\">Pour consulter le programme ou le t\u00e9l\u00e9charger, cliquez <a href=\"https:\/\/rcppm.org\/blog\/wp-content\/uploads\/2016\/07\/programme-10-septembre.pdf\" target=\"_blank\" rel=\"noopener noreferrer\">ici<\/a>.<\/p>\n<p style=\"text-align: justify;\">Pour cette journ\u00e9e, les <a href=\"https:\/\/rcppm.org\/blog\/wp-content\/uploads\/2016\/07\/inscription-10-sept..pdf\" target=\"_blank\" rel=\"noopener noreferrer\">inscriptions pr\u00e9alables<\/a> sont indispensables.<\/p>\n<p style=\"text-align: justify;\">La RCPPM esp\u00e8re&nbsp;vous retrouver aussi nombreux que possible &nbsp;pour ce moment important de la vie de l\u2019association o\u00f9 nous pourrons faire ensemble le bilan de l\u2019ann\u00e9e et discuter des projets \u00e0 venir. Nous vous souhaitons un tr\u00e8s bel \u00e9t\u00e9.<\/p>\n","protected":false},"excerpt":{"rendered":"<p>9 septembre 2016 : Les journ\u00e9es de septembre commenceront d\u00e8s l\u2019apr\u00e8s-midi du 9 avec les&nbsp;actualit\u00e9s \u00e0 Lagrasse et l&rsquo;Assembl\u00e9e G\u00e9n\u00e9rale de l\u2019association. Pour consulter le&#46;&#46;&#46;<\/p>\n","protected":false},"author":5,"featured_media":3394,"comment_status":"closed","ping_status":"closed","sticky":false,"template":"","format":"standard","meta":{"footnotes":"","_links_to":"","_links_to_target":""},"categories":[34,71,70],"tags":[],"class_list":["post-2274","post","type-post","status-publish","format-standard","has-post-thumbnail","hentry","category-evenements","category-la-vie-des-plafonds","category-assoc"],"_links":{"self":[{"href":"https:\/\/rcppm.org\/blog\/wp-json\/wp\/v2\/posts\/2274","targetHints":{"allow":["GET"]}}],"collection":[{"href":"https:\/\/rcppm.org\/blog\/wp-json\/wp\/v2\/posts"}],"about":[{"href":"https:\/\/rcppm.org\/blog\/wp-json\/wp\/v2\/types\/post"}],"author":[{"embeddable":true,"href":"https:\/\/rcppm.org\/blog\/wp-json\/wp\/v2\/users\/5"}],"replies":[{"embeddable":true,"href":"https:\/\/rcppm.org\/blog\/wp-json\/wp\/v2\/comments?post=2274"}],"version-history":[{"count":6,"href":"https:\/\/rcppm.org\/blog\/wp-json\/wp\/v2\/posts\/2274\/revisions"}],"predecessor-version":[{"id":3552,"href":"https:\/\/rcppm.org\/blog\/wp-json\/wp\/v2\/posts\/2274\/revisions\/3552"}],"wp:featuredmedia":[{"embeddable":true,"href":"https:\/\/rcppm.org\/blog\/wp-json\/wp\/v2\/media\/3394"}],"wp:attachment":[{"href":"https:\/\/rcppm.org\/blog\/wp-json\/wp\/v2\/media?parent=2274"}],"wp:term":[{"taxonomy":"category","embeddable":true,"href":"https:\/\/rcppm.org\/blog\/wp-json\/wp\/v2\/categories?post=2274"},{"taxonomy":"post_tag","embeddable":true,"href":"https:\/\/rcppm.org\/blog\/wp-json\/wp\/v2\/tags?post=2274"}],"curies":[{"name":"wp","href":"https:\/\/api.w.org\/{rel}","templated":true}]}}