{"id":1639,"date":"2014-07-04T15:25:21","date_gmt":"2014-07-04T13:25:21","guid":{"rendered":"http:\/\/rcppm.org\/blog\/?p=1639"},"modified":"2019-07-02T10:46:26","modified_gmt":"2019-07-02T08:46:26","slug":"le-dvd-du-film-les-maisons-aux-images-est-enfin-disponible","status":"publish","type":"post","link":"https:\/\/rcppm.org\/blog\/2014\/07\/le-dvd-du-film-les-maisons-aux-images-est-enfin-disponible\/","title":{"rendered":"Le DVD du film \u00ab\u00a0Les maisons aux images\u00a0\u00bb est enfin disponible !"},"content":{"rendered":"<p style=\"text-align: justify;\"><a href=\"https:\/\/rcppm.org\/blog\/wp-content\/uploads\/2014\/05\/logo_CNRS-1.png\"><img loading=\"lazy\" decoding=\"async\" class=\"wp-image-1617 alignright\" title=\"logo_CNRS (1)\" src=\"https:\/\/rcppm.org\/blog\/wp-content\/uploads\/2014\/05\/logo_CNRS-1-150x150.png\" alt=\"\" width=\"54\" height=\"54\" srcset=\"https:\/\/rcppm.org\/blog\/wp-content\/uploads\/2014\/05\/logo_CNRS-1-150x150.png 150w, https:\/\/rcppm.org\/blog\/wp-content\/uploads\/2014\/05\/logo_CNRS-1-300x300.png 300w, https:\/\/rcppm.org\/blog\/wp-content\/uploads\/2014\/05\/logo_CNRS-1-160x160.png 160w, https:\/\/rcppm.org\/blog\/wp-content\/uploads\/2014\/05\/logo_CNRS-1-320x320.png 320w, https:\/\/rcppm.org\/blog\/wp-content\/uploads\/2014\/05\/logo_CNRS-1.png 715w\" sizes=\"auto, (max-width: 54px) 100vw, 54px\" \/><\/a>Le DVD du film sur les plafonds peints du Moyen \u00e2ge \u00ab\u00a0Les maisons aux images\u00a0\u00bb (r\u00e9alis\u00e9 par Claude Delhaye et produit par CNRS Images) est disponible \u00e0 la vente sur le site de la vid\u00e9oth\u00e8que du CNRS.&nbsp;Il comprend en bonus le court film \u00ab\u00a0Nouvelles images du Moyen \u00e2ge\u00a0\u00bb r\u00e9alis\u00e9 par Paul Rambaud et \u00e9galement produit par CNRS Images. Vous pouvez d&rsquo;ores et d\u00e9j\u00e0 visionner ce petit film de quelques minutes sur Dailymotion (<a href=\"http:\/\/www.dailymotion.com\/video\/x20qdtz_nouvelles-images-du-moyen-age_tech\" target=\"_blank\" rel=\"noopener noreferrer\">ici<\/a>) et\/ou le t\u00e9l\u00e9charger depuis la vid\u00e9oth\u00e8que du CNRS (<a href=\"http:\/\/videotheque.cnrs.fr\/visio=4237\" target=\"_blank\" rel=\"noopener noreferrer\">ici<\/a>) : clic droit sur la vid\u00e9o puis \u00ab\u00a0Enregistrer la vid\u00e9o sous&#8230;\u00a0\u00bb.<\/p>\n<p style=\"text-align: justify;\"><a href=\"https:\/\/rcppm.org\/blog\/wp-content\/uploads\/2014\/07\/10463994_733877883321743_815992192830796013_n.jpg\"><img loading=\"lazy\" decoding=\"async\" class=\"aligncenter size-medium wp-image-1640\" title=\"DVD &quot;Les maisons aux images&quot;.\" src=\"https:\/\/rcppm.org\/blog\/wp-content\/uploads\/2014\/07\/10463994_733877883321743_815992192830796013_n-175x300.jpg\" alt=\"\" width=\"175\" height=\"300\" srcset=\"https:\/\/rcppm.org\/blog\/wp-content\/uploads\/2014\/07\/10463994_733877883321743_815992192830796013_n-175x300.jpg 175w, https:\/\/rcppm.org\/blog\/wp-content\/uploads\/2014\/07\/10463994_733877883321743_815992192830796013_n.jpg 562w\" sizes=\"auto, (max-width: 175px) 100vw, 175px\" \/><\/a><\/p>\n<p style=\"text-align: justify;\">Si vous souhaitez vous procurer le DVD du film \u00ab\u00a0Les maisons aux images\u00a0\u00bb (dur\u00e9e : 40 minutes), cliquez <a href=\"http:\/\/videotheque.cnrs.fr\/index.php?urlaction=doc&amp;id_doc=4227\" target=\"_blank\" rel=\"noopener noreferrer\">ici<\/a>.<\/p>\n<p style=\"text-align: justify;\">Une fois sur la page, la proc\u00e9dure de commande est simple. Cliquez sur \u00ab&nbsp;Ajouter au panier&nbsp;\u00bb (en haut \u00e0 droite) et suivez les instructions. Les tarifs d\u00e9pendront de l\u2019usage du DVD (priv\u00e9 ou institutionnel).<\/p>\n","protected":false},"excerpt":{"rendered":"<p>Le DVD du film sur les plafonds peints du Moyen \u00e2ge \u00ab\u00a0Les maisons aux images\u00a0\u00bb (r\u00e9alis\u00e9 par Claude Delhaye et produit par CNRS Images) est&#46;&#46;&#46;<\/p>\n","protected":false},"author":5,"featured_media":1640,"comment_status":"open","ping_status":"open","sticky":false,"template":"","format":"standard","meta":{"footnotes":"","_links_to":"","_links_to_target":""},"categories":[34,71],"tags":[],"class_list":["post-1639","post","type-post","status-publish","format-standard","has-post-thumbnail","hentry","category-evenements","category-la-vie-des-plafonds"],"_links":{"self":[{"href":"https:\/\/rcppm.org\/blog\/wp-json\/wp\/v2\/posts\/1639","targetHints":{"allow":["GET"]}}],"collection":[{"href":"https:\/\/rcppm.org\/blog\/wp-json\/wp\/v2\/posts"}],"about":[{"href":"https:\/\/rcppm.org\/blog\/wp-json\/wp\/v2\/types\/post"}],"author":[{"embeddable":true,"href":"https:\/\/rcppm.org\/blog\/wp-json\/wp\/v2\/users\/5"}],"replies":[{"embeddable":true,"href":"https:\/\/rcppm.org\/blog\/wp-json\/wp\/v2\/comments?post=1639"}],"version-history":[{"count":11,"href":"https:\/\/rcppm.org\/blog\/wp-json\/wp\/v2\/posts\/1639\/revisions"}],"predecessor-version":[{"id":3595,"href":"https:\/\/rcppm.org\/blog\/wp-json\/wp\/v2\/posts\/1639\/revisions\/3595"}],"wp:featuredmedia":[{"embeddable":true,"href":"https:\/\/rcppm.org\/blog\/wp-json\/wp\/v2\/media\/1640"}],"wp:attachment":[{"href":"https:\/\/rcppm.org\/blog\/wp-json\/wp\/v2\/media?parent=1639"}],"wp:term":[{"taxonomy":"category","embeddable":true,"href":"https:\/\/rcppm.org\/blog\/wp-json\/wp\/v2\/categories?post=1639"},{"taxonomy":"post_tag","embeddable":true,"href":"https:\/\/rcppm.org\/blog\/wp-json\/wp\/v2\/tags?post=1639"}],"curies":[{"name":"wp","href":"https:\/\/api.w.org\/{rel}","templated":true}]}}